{"id":1219,"date":"2021-01-18T10:03:24","date_gmt":"2021-01-18T09:03:24","guid":{"rendered":"http:\/\/www.wordpress.ecrin.be\/?p=1219"},"modified":"2021-06-07T10:26:55","modified_gmt":"2021-06-07T08:26:55","slug":"concours-photo-a-vous-de-voter","status":"publish","type":"post","link":"https:\/\/www.ecrin.be\/?p=1219","title":{"rendered":"Concours photo &#8211; les gagnants !"},"content":{"rendered":"<div class=\"wpb-content-wrapper\"><p>[vc_row][vc_column]<div class=\"dt-title-wrapper\"><h1 class=\"section-title\">Concours photo 'Temps de pause' - les gagnants !<\/h1><\/div><h2 class=\"section-tagline\">Les animaux ont \u00e9t\u00e9 mis \u00e0 l'honneur...<\/h2><div style=\"clear:both; width:100%; height:50px\"><\/div>[vc_row_inner][vc_column_inner width=\u00a0\u00bb1\/2&Prime;][vc_column_text css=\u00a0\u00bb.vc_custom_1612436929802{padding-right: 5px !important;padding-left: 5px !important;background-color: #ffffff !important;}\u00a0\u00bb]Temps de pause &#8211; les r\u00e9sultats !<\/p>\n<p>Nous avons eu 350 votants, soit 700 voix r\u00e9parties sur les 10 photos. Nous tenons \u00e0 remercier chaque participant, qu&rsquo;il soit photographe ou votant, pour avoir fait de concours un v\u00e9ritable succ\u00e8s !<\/p>\n<p>L&rsquo;heure est maintenant aux r\u00e9sultats&#8230;<\/p>\n<p>C\u2019est avec une largeur d\u2019avance que le petit h\u00e9risson photographi\u00e9 dans son jardin par Madame Nathalie Bigare a rejoint la t\u00eate du classement !<\/p>\n<p>Madame Bigare, Monsieur Roosen et monsieur Clairhout sont les trois premiers photographes class\u00e9s. Ils se verront remettre diff\u00e9rents prix : les deux premi\u00e8re photos tir\u00e9es sous cadre grav\u00e9 au nom du concours, des produits locaux et des places pour la prochaine saison du Centre culturel.<\/p>\n<p>Nous aurions tellement voulu organiser un petit drink et rencontrer chaque participants&#8230; mais les conditions de s\u00e9curit\u00e9 sanitaire ne nous le permettent malheureusement pas. Toutefois, notre animatrice, Laurence Garot, tentera de remettre les trois prix en main propre, masqu\u00e9e \u00e9videmment, comme il se doit.<\/p>\n<p>Bonne nouvelle : l\u2019expo des 10 photos prend la route pour s\u2019installer aux baies vitr\u00e9es de la salle du conseil \u00e0 l\u2019administration communale !<\/p>\n<p>Les trois premi\u00e8res photos font l\u2019objet d\u2019un tirage en plus grande dimension afin de les mettre en valeur. L\u2019expo sera visible par le public, de l\u2019ext\u00e9rieur, du 13 f\u00e9vrier au 28 mars.[\/vc_column_text][\/vc_column_inner][vc_column_inner width=\u00a0\u00bb1\/2&Prime;][vc_column_text]Nous sommes partis \u00e0 la rencontre des trois photographes prim\u00e9s afin qu&rsquo;ils nous en disent plus sur les clich\u00e9s gagnants et sur leur rapport \u00e0 la photographie en g\u00e9n\u00e9ral.[\/vc_column_text][vc_video link=\u00a0\u00bbhttps:\/\/youtu.be\/oCfX6dx-Hq4&Prime; align=\u00a0\u00bbcenter\u00a0\u00bb][\/vc_column_inner][\/vc_row_inner][vc_row_inner][vc_column_inner css=\u00a0\u00bb.vc_custom_1557733901287{padding-left: 0px !important;}\u00a0\u00bb]<div class=\"dt-title-wrapper\"><h1 class=\"section-title\">Les trois photos gagnantes<\/h1><\/div>[vc_masonry_media_grid grid_id=\u00a0\u00bbvc_gid:1614349240062-bf3d9a72-74b5-8&Prime; include=\u00a0\u00bb1968,1971,1962&Prime;][\/vc_column_inner][\/vc_row_inner][vc_row_inner][vc_column_inner css=\u00a0\u00bb.vc_custom_1557733901287{padding-left: 0px !important;}\u00a0\u00bb]<div class=\"dt-title-wrapper\"><h1 class=\"section-title\">Les autres finalistes<\/h1><\/div>[vc_masonry_media_grid grid_id=\u00a0\u00bbvc_gid:1614349240063-41d2095a-d631-2&Prime; include=\u00a0\u00bb1963,1964,1965,1966,1967,1969,1970&Prime;][\/vc_column_inner][\/vc_row_inner][\/vc_column][\/vc_row]<\/p>\n<\/div>","protected":false},"excerpt":{"rendered":"<p>[vc_row][vc_column][vc_row_inner][vc_column_inner width=\u00a0\u00bb1\/2&Prime;][vc_column_text css=\u00a0\u00bb.vc_custom_1612436929802{padding-right: 5px !important;padding-left: 5px !important;background-color: #ffffff !important;}\u00a0\u00bb]Temps de pause &#8211; les r\u00e9sultats ! Nous avons eu 350 votants, soit 700 voix r\u00e9parties sur&#8230;<\/p>\n<p class=\"readmore\"><a class=\"more-btn\" href=\"https:\/\/www.ecrin.be\/?p=1219\">Read More<\/a><\/p>\n","protected":false},"author":1,"featured_media":1973,"comment_status":"closed","ping_status":"closed","sticky":false,"template":"","format":"standard","meta":{"sfsi_plus_gutenberg_text_before_share":"","sfsi_plus_gutenberg_show_text_before_share":"","sfsi_plus_gutenberg_icon_type":"","sfsi_plus_gutenberg_icon_alignemt":"","sfsi_plus_gutenburg_max_per_row":"","footnotes":""},"categories":[25],"tags":[],"publishpress_future_action":{"enabled":false,"date":"2026-05-06 10:28:49","action":"change-status","newStatus":"draft","terms":[],"taxonomy":"category"},"_links":{"self":[{"href":"https:\/\/www.ecrin.be\/index.php?rest_route=\/wp\/v2\/posts\/1219"}],"collection":[{"href":"https:\/\/www.ecrin.be\/index.php?rest_route=\/wp\/v2\/posts"}],"about":[{"href":"https:\/\/www.ecrin.be\/index.php?rest_route=\/wp\/v2\/types\/post"}],"author":[{"embeddable":true,"href":"https:\/\/www.ecrin.be\/index.php?rest_route=\/wp\/v2\/users\/1"}],"replies":[{"embeddable":true,"href":"https:\/\/www.ecrin.be\/index.php?rest_route=%2Fwp%2Fv2%2Fcomments&post=1219"}],"version-history":[{"count":19,"href":"https:\/\/www.ecrin.be\/index.php?rest_route=\/wp\/v2\/posts\/1219\/revisions"}],"predecessor-version":[{"id":2057,"href":"https:\/\/www.ecrin.be\/index.php?rest_route=\/wp\/v2\/posts\/1219\/revisions\/2057"}],"wp:featuredmedia":[{"embeddable":true,"href":"https:\/\/www.ecrin.be\/index.php?rest_route=\/wp\/v2\/media\/1973"}],"wp:attachment":[{"href":"https:\/\/www.ecrin.be\/index.php?rest_route=%2Fwp%2Fv2%2Fmedia&parent=1219"}],"wp:term":[{"taxonomy":"category","embeddable":true,"href":"https:\/\/www.ecrin.be\/index.php?rest_route=%2Fwp%2Fv2%2Fcategories&post=1219"},{"taxonomy":"post_tag","embeddable":true,"href":"https:\/\/www.ecrin.be\/index.php?rest_route=%2Fwp%2Fv2%2Ftags&post=1219"}],"curies":[{"name":"wp","href":"https:\/\/api.w.org\/{rel}","templated":true}]}}