{"id":1294,"date":"2020-09-01T09:26:43","date_gmt":"2020-09-01T07:26:43","guid":{"rendered":"http:\/\/www.wordpress.ecrin.be\/?p=1294"},"modified":"2021-06-07T16:58:10","modified_gmt":"2021-06-07T14:58:10","slug":"une-oeuvre-dart","status":"publish","type":"post","link":"https:\/\/www.ecrin.be\/?p=1294","title":{"rendered":"Projet : int\u00e9gration d&rsquo;une oeuvre d&rsquo;art"},"content":{"rendered":"<div class=\"wpb-content-wrapper\"><p>[vc_row][vc_column]<div class=\"dt-title-wrapper\"><h1 class=\"section-title\">Saviez-vous qu'une oeuvre d'art...<\/h1><\/div><h2 class=\"section-tagline\">...va s'installer dans le quartier de la gare ?<\/h2><div style=\"clear:both; width:100%; height:50px\"><\/div>[vc_row_inner][vc_column_inner width=\u00a0\u00bb2\/3&Prime;][vc_column_text css=\u00a0\u00bb.vc_custom_1623077859013{padding-right: 5px !important;padding-left: 5px !important;background-color: #ffffff !important;}\u00a0\u00bb]Depuis pr\u00e8s de 3 ans, se met en place, ici, \u00e0 Eghez\u00e9e un projet exceptionnel et extraordinaire. Il s\u2019agit du projet d\u2019int\u00e9gration d\u2019une oeuvre d\u2019art contemporain dans l\u2019espace public.<\/p>\n<p>L\u2019art dans l\u2019espace public est une mani\u00e8re de sortir les \u0153uvres des mus\u00e9es et des galeries, de permettre au passant de c\u00f4toyer l\u2019art au quotidien, de cr\u00e9er des moments d\u2019\u00e9motion, de po\u00e9sie, d\u2019\u00e9merveillement, de questionnement dans un espace partag\u00e9 par tous.<\/p>\n<p>En 2018, notre commune r\u00e9pond \u00e0 un appel \u00e0 projet lanc\u00e9 par la Province de Namur et se porte candidate pour qu\u2019une oeuvre d\u2019art contemporain s\u2019implante dans son paysage, et plus sp\u00e9cifiquement sur la Place de la Gare. Ce projet \u00e0 plusieurs objectifs, il vise notamment \u00e0 soutenir la cr\u00e9ation artistique, \u00e0 sensibiliser le public aux diverses formes d\u2019interventions artistiques contemporaines, \u00e0 d\u00e9velopper le tourisme culturel et \u00e0 renforcer la participation citoyenne. La dimension participative du public dans le choix de l\u2019\u0153uvre est fondamentale. Il y a un processus de formation, de d\u00e9couverte, de mise en question de l\u2019\u0153uvre et de sa place dans l\u2019espace public. Il y a aussi une responsabilisation du choix de l\u2019\u0153uvre et un engagement citoyen dans ce processus d\u00e9mocratique<\/p>\n<p>Il ne s\u2019agit donc pas de venir d\u00e9poser une oeuvre plic-ploc mais bien de d\u00e9velopper un processus participatif sur le choix et la pertinence d\u2019une oeuvre par rapport \u00e0 un lieu, un cadre de vie.<\/p>\n<p>Pour la mise sur pied de ce processus, Ecrin, Centre culturel d\u2019Eghez\u00e9e, est charg\u00e9 de mener au mieux la diffusion de l\u2019information et la consultation aupr\u00e8s des habitants. Pour ce faire Ecrin interroge les citoyens et se lance dans une m\u00e9ga r\u00e9colte de r\u00e9actions. Des cartes postales sont distribu\u00e9es, 127 sont seront retourn\u00e9es avec vos avis, vos d\u00e9sirs, vos attentes, vos objections. Ecrin r\u00e9colte les avis sur le march\u00e9, aborde les citoyens, les questionne.<\/p>\n<p>En tout 172 \u00e9ghez\u00e9ens se sont exprim\u00e9s sur ce projet, soit 1% de la population d\u2019Eghez\u00e9e.<\/p>\n<p>Des ateliers de r\u00e9flexion sont mis en place, une vingtaine de participants expriment leur point de vue, d\u00e9battent, \u00e9mettent des propositions et des recommandations. Toute cette mati\u00e8re r\u00e9colt\u00e9e servira \u00e0 la r\u00e9daction du cahier des charges de l\u2019oeuvre. A savoir, les Eghez\u00e9ens attendent que cette oeuvre embellisse le cadre de vie, fasse vivre le quartier de la Gare, donne un sentiment d\u2019appartenance, soit durable et que l\u2019oeuvre soit de gestion facile.<\/p>\n<p>&nbsp;<\/p>\n<p>En novembre 2019, un appel aux artistes est lanc\u00e9. Nous recevons plus 70 propositions de projets, encore une \u00e9norme r\u00e9ussite ! De tous les continents, ils nous manquent l\u2019Australie pour que cet appel pour la Place de la Gare d\u2019Eghez\u00e9e ne fasse le tour du monde ! En juin 2020, les 11 membres du jury: \u00e9lus communaux, acteurs du secteur culturel et artistique et citoyens se r\u00e9unissent pour faire un premier tri: 5 candidats resteront en lice. Le 3 octobre, apr\u00e8s une pr\u00e9sentation publique des projets retenus, le jury se r\u00e9unit \u00e0 nouveau, re\u00e7oit les candidats et rend son ordre de pr\u00e9f\u00e9rence \u00e0 la commune. Mi-octobre, le Coll\u00e8ge se prononce et ent\u00e9rine la d\u00e9cision du jury.<\/p>\n<p>Ce 21 d\u00e9cembre, lors de sa s\u00e9ance publique, le Conseil communal annonce le nom de l\u2019artiste laur\u00e9a t: c\u2019est le projet de Monsieur Fran\u00e7ois Huon, artiste braban\u00e7on, qui est s\u00e9lectionn\u00e9.<\/p>\n<p>Fran\u00e7ois Huon est un artiste sculpteur, peintre, graphiste. Professeur de pratiques exp\u00e9rimentales \u00e0 l\u2019Ecole des arts de Braine-l\u2019Alleud, l&rsquo;artiste a d\u00e9j\u00e0 r\u00e9alis\u00e9 plusieurs oeuvres dans l\u2019espace public, notamment la peinture murale sur le mur circulaire du rond-point du TGV \u00e0 l&rsquo;entr\u00e9e de Tubize. Le processus de son travail artistique consiste en un syst\u00e8me de formes obtenues par une m\u00e9thode originale: la d\u00e9coupe d\u2019un carr\u00e9 en deux dont une partie op\u00e8re soit une translation ou une rotation, soit un changement d\u2019axe pour se recoller et cr\u00e9er une forme nouvelle plus complexe.<\/p>\n<p>Son intervention artistique se d\u00e9ploiera sur les murs du Centre culturel, le pignon face \u00e0 la Place de la Gare et le mur d\u2019entr\u00e9e du Centre culturel.<\/p>\n<p>Le chantier de cette r\u00e9alisation se tiendra cet \u00e9t\u00e9.<\/p>\n<p>D\u00e8s le d\u00e9part, une dimension participative et citoyenne a contribu\u00e9 \u00e0 la construction de ce projet.<\/p>\n<p>Pour la suite du projet, une r\u00e9union participative avec l\u2019artiste a \u00e9t\u00e9 propos\u00e9e. Ce moment privil\u00e9gi\u00e9 a permis de rencontrer l\u2019artiste, \u00e9changer avec lui sur le projet, sur sa mani\u00e8re de travailler, sur son cheminement artistique et de prendre une part active dans une r\u00e9flexion concernant l\u2019oeuvre.<\/p>\n<p>Cette r\u00e9union s&rsquo;est d\u00e9roul\u00e9e ce 6 juin.<\/p>\n<p>Infos: <a href=\"mailto:cap@ecrin.be\">cap@ecrin.be<\/a><\/p>\n<p>3-5 rue de la Gare, Eghez\u00e9e.<\/p>\n<p>081\/ 51.06.36[\/vc_column_text][\/vc_column_inner][vc_column_inner width=\u00a0\u00bb1\/3&Prime;][vc_video link=\u00a0\u00bbhttps:\/\/youtu.be\/8NYJFdRGOys\u00a0\u00bb align=\u00a0\u00bbcenter\u00a0\u00bb][vc_video link=\u00a0\u00bbhttps:\/\/youtu.be\/Di6QbEz0b5M\u00a0\u00bb align=\u00a0\u00bbcenter\u00a0\u00bb][\/vc_column_inner][\/vc_row_inner][\/vc_column][\/vc_row]<\/p>\n<\/div>","protected":false},"excerpt":{"rendered":"<p>[vc_row][vc_column][vc_row_inner][vc_column_inner width=\u00a0\u00bb2\/3&Prime;][vc_column_text css=\u00a0\u00bb.vc_custom_1623077859013{padding-right: 5px !important;padding-left: 5px !important;background-color: #ffffff !important;}\u00a0\u00bb]Depuis pr\u00e8s de 3 ans, se met en place, ici, \u00e0 Eghez\u00e9e un projet exceptionnel et extraordinaire&#8230;.<\/p>\n<p class=\"readmore\"><a class=\"more-btn\" href=\"https:\/\/www.ecrin.be\/?p=1294\">Read More<\/a><\/p>\n","protected":false},"author":1,"featured_media":999,"comment_status":"closed","ping_status":"closed","sticky":false,"template":"","format":"standard","meta":{"sfsi_plus_gutenberg_text_before_share":"","sfsi_plus_gutenberg_show_text_before_share":"","sfsi_plus_gutenberg_icon_type":"","sfsi_plus_gutenberg_icon_alignemt":"","sfsi_plus_gutenburg_max_per_row":"","footnotes":""},"categories":[25],"tags":[],"publishpress_future_action":{"enabled":false,"date":"2026-05-06 09:56:40","action":"change-status","newStatus":"draft","terms":[],"taxonomy":"category"},"_links":{"self":[{"href":"https:\/\/www.ecrin.be\/index.php?rest_route=\/wp\/v2\/posts\/1294"}],"collection":[{"href":"https:\/\/www.ecrin.be\/index.php?rest_route=\/wp\/v2\/posts"}],"about":[{"href":"https:\/\/www.ecrin.be\/index.php?rest_route=\/wp\/v2\/types\/post"}],"author":[{"embeddable":true,"href":"https:\/\/www.ecrin.be\/index.php?rest_route=\/wp\/v2\/users\/1"}],"replies":[{"embeddable":true,"href":"https:\/\/www.ecrin.be\/index.php?rest_route=%2Fwp%2Fv2%2Fcomments&post=1294"}],"version-history":[{"count":13,"href":"https:\/\/www.ecrin.be\/index.php?rest_route=\/wp\/v2\/posts\/1294\/revisions"}],"predecessor-version":[{"id":2338,"href":"https:\/\/www.ecrin.be\/index.php?rest_route=\/wp\/v2\/posts\/1294\/revisions\/2338"}],"wp:featuredmedia":[{"embeddable":true,"href":"https:\/\/www.ecrin.be\/index.php?rest_route=\/wp\/v2\/media\/999"}],"wp:attachment":[{"href":"https:\/\/www.ecrin.be\/index.php?rest_route=%2Fwp%2Fv2%2Fmedia&parent=1294"}],"wp:term":[{"taxonomy":"category","embeddable":true,"href":"https:\/\/www.ecrin.be\/index.php?rest_route=%2Fwp%2Fv2%2Fcategories&post=1294"},{"taxonomy":"post_tag","embeddable":true,"href":"https:\/\/www.ecrin.be\/index.php?rest_route=%2Fwp%2Fv2%2Ftags&post=1294"}],"curies":[{"name":"wp","href":"https:\/\/api.w.org\/{rel}","templated":true}]}}