{"id":1312,"date":"2021-07-01T10:29:11","date_gmt":"2021-07-01T08:29:11","guid":{"rendered":"http:\/\/www.wordpress.ecrin.be\/?p=1312"},"modified":"2022-06-16T10:47:40","modified_gmt":"2022-06-16T08:47:40","slug":"fiches-balade","status":"publish","type":"post","link":"https:\/\/www.ecrin.be\/?p=1312","title":{"rendered":"Fiches de balade"},"content":{"rendered":"<div class=\"wpb-content-wrapper\"><p>[vc_row][vc_column]<div class=\"dt-title-wrapper\"><h1 class=\"section-title\">Les fiches de balade<\/h1><\/div><h2 class=\"section-tagline\">D\u00e9couvrez des itin\u00e9raires locaux qui regorgent de secrets...<\/h2><div style=\"clear:both; width:100%; height:50px\"><\/div>[vc_column_text css=\u00a0\u00bb.vc_custom_1618843348261{padding-right: 5px !important;padding-left: 5px !important;background-color: #ffffff !important;}\u00a0\u00bb]Bonne nouvelle pour les habitants d\u2019Eghez\u00e9e, les \u00ab fiches balades \u00bb \u00e9dit\u00e9es par la Commission Nature &amp; Loisirs d\u2019Ecrin sont dor\u00e9navant distribu\u00e9es gratuitement !<\/p>\n<p>En collaboration avec la Commune d\u2019Eghez\u00e9e et l\u2019Echevine du Tourisme V\u00e9ronique Hance, il a \u00e9t\u00e9 d\u00e9cid\u00e9 de donner acc\u00e8s librement \u00e0 cet outil pratique et convivial de d\u00e9couverte des villages de l\u2019entit\u00e9 par la promenade.<\/p>\n<p>La p\u00e9riode de confinement a en effet suscit\u00e9 chez beaucoup le besoin de s\u2019\u00e9vader dans la nature et de se balader \u00e0 proximit\u00e9 de chez soi. Pour ne pas perdre ce plaisir de partir \u00e0 la rencontre des beaut\u00e9s dont regorgent nos villages, la mise \u00e0 disposition gratuite des \u00ab fiches de balades \u00bb s\u2019av\u00e9rait indispensable.<\/p>\n<p>En 2013, la CNL a cr\u00e9\u00e9 une fiche balade pour chacun des villages de l\u2019entit\u00e9, partant de l\u2019envie de partager des savoirs accumul\u00e9s par les habitants\u00a0qui ont leurs racines \u00e0 Eghez\u00e9e ou qui l\u2019ont adopt\u00e9e. Notre belle terre hesbignonne, sa nature, son patrimoine et son histoire y sont amplement d\u00e9crits.<\/p>\n<p>Soucieuse de valoriser ce bel et important travail de la CNL, l\u2019\u00e9quipe d\u2019Ecrin a pr\u00e9par\u00e9\u00a0 une version t\u00e9l\u00e9chargeable (ci-contre) de l\u2019ensemble de ces fiches dans le courant de l&rsquo;ann\u00e9e 2021. Au m\u00eame titre que la Commune supervise la r\u00e9\u00e9dition phas\u00e9e de ces fiches, dont certaines sont \u00e9puis\u00e9es \u00e0 ce jour.<\/p>\n<p><strong>Une nouvelle fiche de balade \u00e0 v\u00e9lo \u00ab\u00a0Sur les traces du train Zaman\u00a0\u00bb<\/strong><\/p>\n<p>Dans le cadre de la collaboration instaur\u00e9e entre Ecrin et le GAL \u00ab\u00a0Meuse@campagnes\u00a0\u00bb \u00e0 propos du projet Zaman d\u2019octobre dernier, une fiche de balade \u00e0 v\u00e9lo \u00ab\u00a0Zaman\u00a0\u00bb est \u00e9galement disponible gratuitement. Une fiche de balade p\u00e9destre sur la m\u00eame th\u00e9matique est en pr\u00e9paration, histoire de permettre \u00e0 chacun de d\u00e9couvrir cette fabuleuse histoire locale\u00a0du train Zaman !<\/p>\n<p><strong>La Commission \u00ab\u00a0Nature et Loisirs\u00a0d\u2019Ecrin\u00a0\u00bb<\/strong><\/p>\n<p>La Commission rassemble des citoyens motiv\u00e9s par la mise en valeur du patrimoine naturel et b\u00e2ti d\u2019Eghez\u00e9e. Chacun s\u2019investit dans la mesure de ses envies et possibilit\u00e9s pour contribuer aux projets d\u00e9velopp\u00e9s ensemble. Vous avez envie de rejoindre la CNL\u00a0? Vous souhaitez plus d\u2019informations\u00a0? N\u2019h\u00e9sitez pas \u00e0 contacter Laurence Garot, animatrice au Centre culturel &#8211; <a href=\"mailto:laurence.garot@ecrin.be\">laurence.garot@ecrin.be<\/a> ou 081\/51 06 36<\/p>\n<p><strong>Les fiches en version papier sont disponibles aux endroits suivants :<br \/>\n<\/strong><\/p>\n<p>A\u00a0<a href=\"http:\/\/www.centrecultureldeghezee.be\/index.php?option=com_content&amp;view=article&amp;id=53&amp;Itemid=59\">la billetterie d\u2019Ecrin<\/a>, Centre culturel d\u2019Eghez\u00e9e (Eghez\u00e9e)<br \/>\nA <a href=\"https:\/\/www.eghezee.be\/\">l\u2019administration communale d\u2019Eghez\u00e9e<\/a> (Eghez\u00e9e)<\/p>\n<p>Pour d\u2019autres informations touristiques relatives \u00e0 l\u2019entit\u00e9 d\u2019Eghez\u00e9e : <a href=\"http:\/\/www.eghezee.be\/commune\/info-tourisme\">rendez-vous sur le site de la commune d\u2019Eghez\u00e9e<\/a>[\/vc_column_text]<div class=\"dt-title-wrapper\"><h1 class=\"section-title\">Fiches disponibles<\/h1><\/div><h2 class=\"section-tagline\">Passez votre curseur sur les images ci-dessous pour d\u00e9couvrir chaque balade...<\/h2><div style=\"clear:both; width:100%; height:50px\"><\/div>[vc_basic_grid post_type=\u00a0\u00bbpost\u00a0\u00bb max_items=\u00a0\u00bb-1&Prime; style=\u00a0\u00bblazy\u00a0\u00bb items_per_page=\u00a0\u00bb100&Prime; element_width=\u00a0\u00bb3&Prime; order=\u00a0\u00bbASC\u00a0\u00bb item=\u00a0\u00bbbasicGrid_NoAnimation\u00a0\u00bb grid_id=\u00a0\u00bbvc_gid:1643621942884-afc0fdd0-821a-3&Prime; taxonomies=\u00a0\u00bb27&Prime;][vc_video link=\u00a0\u00bbhttps:\/\/www.youtube.com\/watch?v=K8Ry-LcilyI\u00a0\u00bb][\/vc_column][\/vc_row][vc_row][vc_column]<div style=\"clear:both; width:100%; height:50px\"><\/div><div class=\"dt-title-wrapper\"><h1 class=\"section-title\">Prochaines fiches en t\u00e9l\u00e9chargement libre<\/h1><\/div>[vc_column_text]17- D\u2019une balade \u00e0 l\u2019autre dans les villages de l\u2019entit\u00e9 d\u2019Eghez\u00e9e (en guise de table des mati\u00e8res \u2013 fiche gratuite sur simple demande)<\/p>\n<p>18- SUR LES TRACES DU TRAIN ZAMAN: <a href=\"https:\/\/fr.wikiloc.com\/itineraires-marcher\/sur-les-traces-du-train-zaman-taviers-ambresin-60360414\">lien Wikiloc<\/a><\/p>\n<p>[\/vc_column_text][\/vc_column][\/vc_row]<\/p>\n<\/div>","protected":false},"excerpt":{"rendered":"<p>[vc_row][vc_column][vc_column_text css=\u00a0\u00bb.vc_custom_1618843348261{padding-right: 5px !important;padding-left: 5px !important;background-color: #ffffff !important;}\u00a0\u00bb]Bonne nouvelle pour les habitants d\u2019Eghez\u00e9e, les \u00ab fiches balades \u00bb \u00e9dit\u00e9es par la Commission Nature &amp; Loisirs&#8230;<\/p>\n<p class=\"readmore\"><a class=\"more-btn\" href=\"https:\/\/www.ecrin.be\/?p=1312\">Read More<\/a><\/p>\n","protected":false},"author":1,"featured_media":2830,"comment_status":"closed","ping_status":"closed","sticky":false,"template":"","format":"standard","meta":{"sfsi_plus_gutenberg_text_before_share":"","sfsi_plus_gutenberg_show_text_before_share":"","sfsi_plus_gutenberg_icon_type":"","sfsi_plus_gutenberg_icon_alignemt":"","sfsi_plus_gutenburg_max_per_row":"","footnotes":""},"categories":[19,25],"tags":[],"publishpress_future_action":{"enabled":false,"date":"2026-05-06 10:25:17","action":"change-status","newStatus":"draft","terms":[],"taxonomy":"category"},"_links":{"self":[{"href":"https:\/\/www.ecrin.be\/index.php?rest_route=\/wp\/v2\/posts\/1312"}],"collection":[{"href":"https:\/\/www.ecrin.be\/index.php?rest_route=\/wp\/v2\/posts"}],"about":[{"href":"https:\/\/www.ecrin.be\/index.php?rest_route=\/wp\/v2\/types\/post"}],"author":[{"embeddable":true,"href":"https:\/\/www.ecrin.be\/index.php?rest_route=\/wp\/v2\/users\/1"}],"replies":[{"embeddable":true,"href":"https:\/\/www.ecrin.be\/index.php?rest_route=%2Fwp%2Fv2%2Fcomments&post=1312"}],"version-history":[{"count":63,"href":"https:\/\/www.ecrin.be\/index.php?rest_route=\/wp\/v2\/posts\/1312\/revisions"}],"predecessor-version":[{"id":2832,"href":"https:\/\/www.ecrin.be\/index.php?rest_route=\/wp\/v2\/posts\/1312\/revisions\/2832"}],"wp:featuredmedia":[{"embeddable":true,"href":"https:\/\/www.ecrin.be\/index.php?rest_route=\/wp\/v2\/media\/2830"}],"wp:attachment":[{"href":"https:\/\/www.ecrin.be\/index.php?rest_route=%2Fwp%2Fv2%2Fmedia&parent=1312"}],"wp:term":[{"taxonomy":"category","embeddable":true,"href":"https:\/\/www.ecrin.be\/index.php?rest_route=%2Fwp%2Fv2%2Fcategories&post=1312"},{"taxonomy":"post_tag","embeddable":true,"href":"https:\/\/www.ecrin.be\/index.php?rest_route=%2Fwp%2Fv2%2Ftags&post=1312"}],"curies":[{"name":"wp","href":"https:\/\/api.w.org\/{rel}","templated":true}]}}