{"id":1394,"date":"2020-09-01T08:30:07","date_gmt":"2020-09-01T06:30:07","guid":{"rendered":"http:\/\/www.wordpress.ecrin.be\/?p=1394"},"modified":"2020-06-11T17:10:13","modified_gmt":"2020-06-11T15:10:13","slug":"art-a-lecole","status":"publish","type":"post","link":"https:\/\/www.ecrin.be\/?p=1394","title":{"rendered":"Art \u00e0 l&rsquo;\u00e9cole"},"content":{"rendered":"<div class=\"wpb-content-wrapper\"><p>[vc_row][vc_column]<div class=\"dt-title-wrapper\"><h1 class=\"section-title\">Art \u00e0 l'\u00e9cole \u00e0 Mehaigne<\/h1><\/div><h2 class=\"section-tagline\">Quand l\u2019art s\u2019installe au village, il s\u2019invite aussi \u00e0 l\u2019\u00e9cole...<\/h2><div style=\"clear:both; width:100%; height:50px\"><\/div>[vc_column_text css=\u00a0\u00bb.vc_custom_1588066529206{padding-right: 5px !important;padding-left: 5px !important;background-color: #ffffff !important;}\u00a0\u00bb]Gr\u00e2ce au soutien de la Cellule Culture \u00e0 l\u2019\u00e9cole de la FWB, nous d\u00e9veloppons, en parall\u00e8le de la mise en place de Village aux artistes, un projet \u00ab\u00a0Art \u00e0 l\u2019\u00e9cole\u00a0\u00bb \u00e0 Mehaigne.<\/p>\n<p>Accueilli avec enthousiasme par l\u2019\u00e9quipe \u00e9ducative, le projet poursuit des objectifs multiples\u00a0;<\/p>\n<ul>\n<li>Observer, questionner son environnement et porter un regard cr\u00e9atif sur lui<\/li>\n<li>Se familiariser aux langages visuels, apprendre \u00e0 appr\u00e9hender et lire une \u0153uvre d&rsquo;art, \u00e0 d\u00e9coder son ou ses langages, d\u00e9couvrir la d\u00e9marche de l&rsquo;artiste, le sens qu&rsquo;il a voulu partager le cas \u00e9ch\u00e9ant, se questionner sur sa perception et celle de l&rsquo;autre<\/li>\n<li>Nourrir et \u00e9laborer, avec les autres, un projet collectif, s&rsquo;impliquer dans sa r\u00e9alisation afin qu&rsquo;il soit finalis\u00e9 au moment voulu, contribuer \u00e0 sa mise en valeur mais \u00e9galement s&rsquo;engager en tant que groupe dans le projet du village.<\/li>\n<\/ul>\n<p>Depuis quelques mois, les animations se d\u00e9roulent dans chaque classe, Ateliers philo avec Le CAL pour se questionner sur \u00ab\u00a0la beaut\u00e9\u00a0\u00bb, animations de d\u00e9couverte de l\u2019art contemporain et visite et ateliers au \u00ab\u00a0Mus\u00e9e L\u00a0\u00bb de Louvain-la-Neuve ont d\u00e9j\u00e0 permis aux enfants de chouettes d\u00e9couvertes.<\/p>\n<p>En suspens actuellement suite aux mesures de confinement, le projet reprendra d\u00e8s que possible avec la rencontre d\u2019artistes qui participeront au festival mais aussi toute une phase de cr\u00e9ation avec Lara Denil de l\u2019asbl \u00ab\u00a0Made in kit\u00a0\u00bb puisque les enfants exposeront leurs cr\u00e9ations en Mai 2021 lors de \u00ab\u00a0Village aux artistes\u00a0\u00bb.[\/vc_column_text][vc_row_inner][vc_column_inner width=\u00a0\u00bb2\/3&Prime; css=\u00a0\u00bb.vc_custom_1557733901287{padding-left: 0px !important;}\u00a0\u00bb][vc_masonry_media_grid element_width=\u00a0\u00bb3&Prime; grid_id=\u00a0\u00bbvc_gid:1588066357366-744fa1e1-00bb-8&Prime; include=\u00a0\u00bb1395,1396,1397,1398,1399,1400,1401&Prime;][\/vc_column_inner][vc_column_inner width=\u00a0\u00bb1\/3&Prime; css_animation=\u00a0\u00bbright-to-left\u00a0\u00bb css=\u00a0\u00bb.vc_custom_1557738228862{padding-top: 2px !important;padding-right: 2px !important;padding-bottom: 2px !important;padding-left: 2px !important;}\u00a0\u00bb][vc_raw_html]JTNDZGl2JTIwY2xhc3MlM0QlMjJzaGFyZS1vcHRpb25zJTIyJTNFJTBBJTNDaDYlM0VQYXJ0YWdleiUyMGNlJTIwc3BlY3RhY2xlJTI2bmJzcCUzQiUzQSUyMCUzQyUyRmg2JTNFJTBBJTNDYSUyMGhyZWYlM0QlMjIlMjIlMjBjbGFzcyUzRCUyMmZhY2Vib29rLXNoYXJlciUyMiUyMG9uQ2xpY2slM0QlMjJmYWNlYm9va1NoYXJlciUyOCUyOSUyMiUzRSUzQ2klMjBjbGFzcyUzRCUyMmZhJTIwZmEtZmFjZWJvb2slMjIlM0UlM0MlMkZpJTNFJTNDJTJGYSUzRSUwQSUzQ2ElMjBocmVmJTNEJTIyJTIyJTIwY2xhc3MlM0QlMjJ0d2l0dGVyLXNoYXJlciUyMiUyMG9uQ2xpY2slM0QlMjJ0d2l0dGVyU2hhcmVyJTI4JTI5JTIyJTNFJTNDaSUyMGNsYXNzJTNEJTIyZmElMjBmYS10d2l0dGVyJTIyJTNFJTNDJTJGaSUzRSUzQyUyRmElM0UlMEElM0NhJTIwaHJlZiUzRCUyMiUyMiUyMGNsYXNzJTNEJTIycGludGVyZXN0LXNoYXJlciUyMiUyMG9uQ2xpY2slM0QlMjJwaW50ZXJlc3RTaGFyZXIlMjglMjklMjIlM0UlM0NpJTIwY2xhc3MlM0QlMjJmYSUyMGZhLXBpbnRlcmVzdCUyMiUzRSUzQyUyRmklM0UlM0MlMkZhJTNFJTBBJTA5JTA5JTA5JTA5JTA5JTA5JTA5JTA5[\/vc_raw_html][\/vc_column_inner][\/vc_row_inner][\/vc_column][\/vc_row]<\/p>\n<\/div>","protected":false},"excerpt":{"rendered":"<p>[vc_row][vc_column][vc_column_text css=\u00a0\u00bb.vc_custom_1588066529206{padding-right: 5px !important;padding-left: 5px !important;background-color: #ffffff !important;}\u00a0\u00bb]Gr\u00e2ce au soutien de la Cellule Culture \u00e0 l\u2019\u00e9cole de la FWB, nous d\u00e9veloppons, en parall\u00e8le de la&#8230;<\/p>\n<p class=\"readmore\"><a class=\"more-btn\" href=\"https:\/\/www.ecrin.be\/?p=1394\">Read More<\/a><\/p>\n","protected":false},"author":1,"featured_media":1401,"comment_status":"closed","ping_status":"closed","sticky":false,"template":"","format":"standard","meta":{"sfsi_plus_gutenberg_text_before_share":"","sfsi_plus_gutenberg_show_text_before_share":"","sfsi_plus_gutenberg_icon_type":"","sfsi_plus_gutenberg_icon_alignemt":"","sfsi_plus_gutenburg_max_per_row":"","footnotes":""},"categories":[25],"tags":[],"publishpress_future_action":{"enabled":false,"date":"2026-05-06 09:54:55","action":"change-status","newStatus":"draft","terms":[],"taxonomy":"category"},"_links":{"self":[{"href":"https:\/\/www.ecrin.be\/index.php?rest_route=\/wp\/v2\/posts\/1394"}],"collection":[{"href":"https:\/\/www.ecrin.be\/index.php?rest_route=\/wp\/v2\/posts"}],"about":[{"href":"https:\/\/www.ecrin.be\/index.php?rest_route=\/wp\/v2\/types\/post"}],"author":[{"embeddable":true,"href":"https:\/\/www.ecrin.be\/index.php?rest_route=\/wp\/v2\/users\/1"}],"replies":[{"embeddable":true,"href":"https:\/\/www.ecrin.be\/index.php?rest_route=%2Fwp%2Fv2%2Fcomments&post=1394"}],"version-history":[{"count":1,"href":"https:\/\/www.ecrin.be\/index.php?rest_route=\/wp\/v2\/posts\/1394\/revisions"}],"predecessor-version":[{"id":1402,"href":"https:\/\/www.ecrin.be\/index.php?rest_route=\/wp\/v2\/posts\/1394\/revisions\/1402"}],"wp:featuredmedia":[{"embeddable":true,"href":"https:\/\/www.ecrin.be\/index.php?rest_route=\/wp\/v2\/media\/1401"}],"wp:attachment":[{"href":"https:\/\/www.ecrin.be\/index.php?rest_route=%2Fwp%2Fv2%2Fmedia&parent=1394"}],"wp:term":[{"taxonomy":"category","embeddable":true,"href":"https:\/\/www.ecrin.be\/index.php?rest_route=%2Fwp%2Fv2%2Fcategories&post=1394"},{"taxonomy":"post_tag","embeddable":true,"href":"https:\/\/www.ecrin.be\/index.php?rest_route=%2Fwp%2Fv2%2Ftags&post=1394"}],"curies":[{"name":"wp","href":"https:\/\/api.w.org\/{rel}","templated":true}]}}