{"id":2159,"date":"2021-04-18T15:39:58","date_gmt":"2021-04-18T13:39:58","guid":{"rendered":"https:\/\/www.ecrin.be\/?p=2159"},"modified":"2021-04-21T10:15:33","modified_gmt":"2021-04-21T08:15:33","slug":"upigny-la-balade-des-vergers","status":"publish","type":"post","link":"https:\/\/www.ecrin.be\/?p=2159","title":{"rendered":"Upigny &#8211; la balade des vergers"},"content":{"rendered":"<div class=\"wpb-content-wrapper\"><p>[vc_row][vc_column]<div class=\"dt-title-wrapper\"><h1 class=\"section-title\">Upigny - la balade des vergers<\/h1><\/div><h2 class=\"section-tagline\">8 kilom\u00e8tres - environ 2 heures<\/h2><div style=\"clear:both; width:100%; height:40px\"><\/div>[\/vc_column][\/vc_row][vc_row][vc_column width=\u00a0\u00bb1\/3&Prime;][vc_single_image image=\u00a0\u00bb2160&Prime; img_size=\u00a0\u00bbfull\u00a0\u00bb][\/vc_column][vc_column width=\u00a0\u00bb1\/3&Prime;][vc_column_text]<\/p>\n<h2>Th\u00e8me de la balade<\/h2>\n<p>Upigny \u00e9tait une d\u00e9pendance de Dhuy et fut \u00e9rig\u00e9 en village en 1837. Lors de la fusion des communes en 1977, Dhuy et Upigny ont int\u00e9gr\u00e9 l\u2019entit\u00e9 d\u2019Eghez\u00e9e.<br \/>\nSur deux kilom\u00e8tres, Upigny est travers\u00e9 par la route de La Bruy\u00e8re qui m\u00e8ne \u00e0 Longchamps et qui s\u00e9pare le village en deux. Le village a une superficie de 339 ha.<br \/>\nLa Mehaigne et un de ses affluents, le ruisseau Andr\u00e9, traversent le village et se rencontrent au lieu-dit \u00ab\u00a0La Gothaine\u00a0\u00bb.<br \/>\nLa balade part d\u2019Upigny, rejoint le village de Mehaigne et longe les vergers d\u2019Upigny au retour. Au printemps, voir les arbres fruitiers en fleurs est de toute beaut\u00e9.<br \/>\nLe trajet traverse le bocage de la Hesbaye namuroise, avec la flore et la faune des milieux humides. Il longe quelques grandes fermes hesbignonnes et propose aussi de d\u00e9couvrir ce qu\u2019est un bassin d\u2019orage.[\/vc_column_text][\/vc_column][vc_column width=\u00a0\u00bb1\/3&Prime;][vc_column_text]<a href=\"https:\/\/www.wordpress.ecrin.be\/wp-content\/uploads\/2021\/04\/Upigny-Fiche-Balade-RV-1.pdf\" target=\"blank\" rel=\"noopener\">T\u00e9l\u00e9charger la fiche<\/a><\/p>\n<p><a href=\"https:\/\/fr.wikiloc.com\/itineraires-randonnee\/la-balade-des-vergers-61473449\" target=\"blank\" rel=\"noopener\">Lien Wikiloc<\/a>[\/vc_column_text][vc_masonry_media_grid element_width=\u00a0\u00bb6&Prime; grid_id=\u00a0\u00bbvc_gid:1618992918890-b53b672e-de7b-5&Prime; include=\u00a0\u00bb2161,2162,2163,2164&Prime;][\/vc_column][\/vc_row]<\/p>\n<\/div>","protected":false},"excerpt":{"rendered":"<p>[vc_row][vc_column][\/vc_column][\/vc_row][vc_row][vc_column width=\u00a0\u00bb1\/3&Prime;][vc_single_image image=\u00a0\u00bb2160&Prime; img_size=\u00a0\u00bbfull\u00a0\u00bb][\/vc_column][vc_column width=\u00a0\u00bb1\/3&Prime;][vc_column_text] Th\u00e8me de la balade Upigny \u00e9tait une d\u00e9pendance de Dhuy et fut \u00e9rig\u00e9 en village en 1837. Lors de la&#8230;<\/p>\n<p class=\"readmore\"><a class=\"more-btn\" href=\"https:\/\/www.ecrin.be\/?p=2159\">Read More<\/a><\/p>\n","protected":false},"author":1,"featured_media":2160,"comment_status":"closed","ping_status":"closed","sticky":false,"template":"","format":"standard","meta":{"sfsi_plus_gutenberg_text_before_share":"","sfsi_plus_gutenberg_show_text_before_share":"","sfsi_plus_gutenberg_icon_type":"","sfsi_plus_gutenberg_icon_alignemt":"","sfsi_plus_gutenburg_max_per_row":"","footnotes":""},"categories":[27],"tags":[],"publishpress_future_action":{"enabled":false,"date":"2026-05-06 11:28:47","action":"change-status","newStatus":"draft","terms":[],"taxonomy":"category"},"_links":{"self":[{"href":"https:\/\/www.ecrin.be\/index.php?rest_route=\/wp\/v2\/posts\/2159"}],"collection":[{"href":"https:\/\/www.ecrin.be\/index.php?rest_route=\/wp\/v2\/posts"}],"about":[{"href":"https:\/\/www.ecrin.be\/index.php?rest_route=\/wp\/v2\/types\/post"}],"author":[{"embeddable":true,"href":"https:\/\/www.ecrin.be\/index.php?rest_route=\/wp\/v2\/users\/1"}],"replies":[{"embeddable":true,"href":"https:\/\/www.ecrin.be\/index.php?rest_route=%2Fwp%2Fv2%2Fcomments&post=2159"}],"version-history":[{"count":4,"href":"https:\/\/www.ecrin.be\/index.php?rest_route=\/wp\/v2\/posts\/2159\/revisions"}],"predecessor-version":[{"id":2228,"href":"https:\/\/www.ecrin.be\/index.php?rest_route=\/wp\/v2\/posts\/2159\/revisions\/2228"}],"wp:featuredmedia":[{"embeddable":true,"href":"https:\/\/www.ecrin.be\/index.php?rest_route=\/wp\/v2\/media\/2160"}],"wp:attachment":[{"href":"https:\/\/www.ecrin.be\/index.php?rest_route=%2Fwp%2Fv2%2Fmedia&parent=2159"}],"wp:term":[{"taxonomy":"category","embeddable":true,"href":"https:\/\/www.ecrin.be\/index.php?rest_route=%2Fwp%2Fv2%2Fcategories&post=2159"},{"taxonomy":"post_tag","embeddable":true,"href":"https:\/\/www.ecrin.be\/index.php?rest_route=%2Fwp%2Fv2%2Ftags&post=2159"}],"curies":[{"name":"wp","href":"https:\/\/api.w.org\/{rel}","templated":true}]}}