{"id":2167,"date":"2021-04-19T15:53:13","date_gmt":"2021-04-19T13:53:13","guid":{"rendered":"https:\/\/www.ecrin.be\/?p=2167"},"modified":"2021-04-19T17:31:46","modified_gmt":"2021-04-19T15:31:46","slug":"branchon-la-balade-des-trois-provinces","status":"publish","type":"post","link":"https:\/\/www.ecrin.be\/?p=2167","title":{"rendered":"Branchon &#8211; la balade des trois provinces"},"content":{"rendered":"<div class=\"wpb-content-wrapper\"><p>[vc_row][vc_column]<div class=\"dt-title-wrapper\"><h1 class=\"section-title\">Branchon - la balade des trois provinces<\/h1><\/div><h2 class=\"section-tagline\">5 kilom\u00e8tres - environ 1h30<\/h2><div style=\"clear:both; width:100%; height:40px\"><\/div>[\/vc_column][\/vc_row][vc_row][vc_column width=\u00a0\u00bb1\/3&Prime;][vc_single_image image=\u00a0\u00bb2168&Prime; img_size=\u00a0\u00bbfull\u00a0\u00bb][\/vc_column][vc_column width=\u00a0\u00bb1\/3&Prime;][vc_column_text]<\/p>\n<h2>Th\u00e8me de la balade<\/h2>\n<p>A 23 km de Namur et 6,5 km du centre d\u2019Eghez\u00e9e, le village de Branchon (d\u2019une superficie de 510 ha et un peu plus vallonn\u00e9 que les autres villages d\u2019Eghez\u00e9e) est situ\u00e9 sur la Mehaigne, un cours d\u2019eau qui traverse plusieurs villages d\u2019Eghez\u00e9e et se jette dans la Meuse \u00e0 Wanze. Branchon se trouve \u00e0 l\u2019extr\u00eame nord-est de la province de Namur et de la commune d\u2019Eghez\u00e9e. Le centre du village, au carrefour de la N984 et de la N624, est caract\u00e9ris\u00e9 par son \u00e9glise n\u00e9o-gothique de 1750, entour\u00e9e du cimeti\u00e8re et plant\u00e9e sur un promontoire de plus de 5 m de haut. Le trajet de la balade traverse de grandes \u00e9tendues de champs cultiv\u00e9s, l\u00e9g\u00e8rement en hauteur (altitude maximale = 152,5 m) et se termine en passant par le Baty de Branchon.<\/p>\n<p>&nbsp;<\/p>\n<p>En partenariat avec l\u2019asbl <a href=\"http:\/\/www.branchon.com\/sesassociationsbledhistorique.html\">Branchon Libre, Enthousiaste et Dynamique<\/a>[\/vc_column_text][\/vc_column][vc_column width=\u00a0\u00bb1\/3&Prime;][vc_column_text]<a href=\"https:\/\/www.wordpress.ecrin.be\/wp-content\/uploads\/2021\/04\/Branchon-Fiche-Balade-RV.pdf\" target=\"blank\" rel=\"noopener\">T\u00e9l\u00e9charger la fiche<\/a><\/p>\n<p><a href=\"https:\/\/fr.wikiloc.com\/itineraires-marcher\/la-balade-des-trois-provinces-branchon-70405339\" target=\"blank\" rel=\"noopener\">Lien Wikiloc<\/a>[\/vc_column_text][vc_masonry_media_grid element_width=\u00a0\u00bb6&Prime; grid_id=\u00a0\u00bbvc_gid:1618846272548-4089b82c-7841-5&Prime; include=\u00a0\u00bb2169,2170,2171,2172,2173&Prime;][\/vc_column][\/vc_row]<\/p>\n<\/div>","protected":false},"excerpt":{"rendered":"<p>[vc_row][vc_column][\/vc_column][\/vc_row][vc_row][vc_column width=\u00a0\u00bb1\/3&Prime;][vc_single_image image=\u00a0\u00bb2168&Prime; img_size=\u00a0\u00bbfull\u00a0\u00bb][\/vc_column][vc_column width=\u00a0\u00bb1\/3&Prime;][vc_column_text] Th\u00e8me de la balade A 23 km de Namur et 6,5 km du centre d\u2019Eghez\u00e9e, le village de Branchon (d\u2019une&#8230;<\/p>\n<p class=\"readmore\"><a class=\"more-btn\" href=\"https:\/\/www.ecrin.be\/?p=2167\">Read More<\/a><\/p>\n","protected":false},"author":1,"featured_media":2168,"comment_status":"closed","ping_status":"closed","sticky":false,"template":"","format":"standard","meta":{"sfsi_plus_gutenberg_text_before_share":"","sfsi_plus_gutenberg_show_text_before_share":"","sfsi_plus_gutenberg_icon_type":"","sfsi_plus_gutenberg_icon_alignemt":"","sfsi_plus_gutenburg_max_per_row":"","footnotes":""},"categories":[27],"tags":[],"publishpress_future_action":{"enabled":false,"date":"2026-05-06 11:16:41","action":"change-status","newStatus":"draft","terms":[],"taxonomy":"category"},"_links":{"self":[{"href":"https:\/\/www.ecrin.be\/index.php?rest_route=\/wp\/v2\/posts\/2167"}],"collection":[{"href":"https:\/\/www.ecrin.be\/index.php?rest_route=\/wp\/v2\/posts"}],"about":[{"href":"https:\/\/www.ecrin.be\/index.php?rest_route=\/wp\/v2\/types\/post"}],"author":[{"embeddable":true,"href":"https:\/\/www.ecrin.be\/index.php?rest_route=\/wp\/v2\/users\/1"}],"replies":[{"embeddable":true,"href":"https:\/\/www.ecrin.be\/index.php?rest_route=%2Fwp%2Fv2%2Fcomments&post=2167"}],"version-history":[{"count":4,"href":"https:\/\/www.ecrin.be\/index.php?rest_route=\/wp\/v2\/posts\/2167\/revisions"}],"predecessor-version":[{"id":2211,"href":"https:\/\/www.ecrin.be\/index.php?rest_route=\/wp\/v2\/posts\/2167\/revisions\/2211"}],"wp:featuredmedia":[{"embeddable":true,"href":"https:\/\/www.ecrin.be\/index.php?rest_route=\/wp\/v2\/media\/2168"}],"wp:attachment":[{"href":"https:\/\/www.ecrin.be\/index.php?rest_route=%2Fwp%2Fv2%2Fmedia&parent=2167"}],"wp:term":[{"taxonomy":"category","embeddable":true,"href":"https:\/\/www.ecrin.be\/index.php?rest_route=%2Fwp%2Fv2%2Fcategories&post=2167"},{"taxonomy":"post_tag","embeddable":true,"href":"https:\/\/www.ecrin.be\/index.php?rest_route=%2Fwp%2Fv2%2Ftags&post=2167"}],"curies":[{"name":"wp","href":"https:\/\/api.w.org\/{rel}","templated":true}]}}