{"id":2176,"date":"2021-04-19T16:13:51","date_gmt":"2021-04-19T14:13:51","guid":{"rendered":"https:\/\/www.ecrin.be\/?p=2176"},"modified":"2021-04-19T17:32:51","modified_gmt":"2021-04-19T15:32:51","slug":"dhuy-les-boscailles-la-balade-des-fermes","status":"publish","type":"post","link":"https:\/\/www.ecrin.be\/?p=2176","title":{"rendered":"Dhuy-Les Boscailles &#8211; la balade des fermes"},"content":{"rendered":"<div class=\"wpb-content-wrapper\"><p>[vc_row][vc_column]<div class=\"dt-title-wrapper\"><h1 class=\"section-title\">Dhuy-Les Boscailles - la balade des fermes<\/h1><\/div><h2 class=\"section-tagline\">15 kilom\u00e8tres - environ 3 heures<\/h2><div style=\"clear:both; width:100%; height:40px\"><\/div>[\/vc_column][\/vc_row][vc_row][vc_column width=\u00a0\u00bb1\/3&Prime;][vc_single_image image=\u00a0\u00bb2177&Prime; img_size=\u00a0\u00bbfull\u00a0\u00bb][\/vc_column][vc_column width=\u00a0\u00bb1\/3&Prime;][vc_column_text]<\/p>\n<h2>Th\u00e8me de la balade<\/h2>\n<p>A l\u2019origine, le village de Dhuy comptait trois localit\u00e9s : Dhuy proprement dit qui en \u00e9tait le centre, le hameau des Boscailles et le village d\u2019Upigny. Ce dernier est devenu un village ind\u00e9pendant en 1837. Dhuy-Les Boscailles est aujourd\u2019hui le plus vaste village de l\u2019entit\u00e9 d\u2019Eghez\u00e9e (1200 ha). Il y eut longtemps une rivalit\u00e9 entre \u00ab\u00a0Duti\u00a0\u00bb et \u00ab\u00a0Boscailli\u00a0\u00bb (certains pensaient que Dhuy, sous l\u2019influence du ch\u00e2teau Bayard, \u00e9tait favoris\u00e9 par rapport \u00e0 Les Boscailles). La balade, qui emprunte de nombreux chemins de remembrement, part des Boscailles et passe par Leuze, Longchamps et Upigny pour rejoindre Dhuy avant de revenir au point de d\u00e9part. Elle longe quelques grandes fermes hesbignonnes, traverse de grands espaces de cultures et des zones de fauchage tardif. Tout au long de la balade, au loin, on aper\u00e7oit des \u00e9oliennes, ces moulins d\u2019aujourd\u2019hui qui s\u2019invitent dans le paysage.[\/vc_column_text][\/vc_column][vc_column width=\u00a0\u00bb1\/3&Prime;][vc_column_text]<a href=\"https:\/\/www.wordpress.ecrin.be\/wp-content\/uploads\/2021\/04\/Dhuy-fiche-balade_light.pdf\" target=\"blank\" rel=\"noopener\">T\u00e9l\u00e9charger la fiche<\/a><\/p>\n<p><a href=\"https:\/\/fr.wikiloc.com\/itineraires-marcher\/la-balade-des-fermes-dhuy-les-boscailles-70410004\" target=\"blank\" rel=\"noopener\">Lien Wikiloc<\/a>[\/vc_column_text][vc_masonry_media_grid element_width=\u00a0\u00bb6&Prime; grid_id=\u00a0\u00bbvc_gid:1618846345244-c50cdbd9-50f8-2&Prime; include=\u00a0\u00bb2178,2179,2180,2181&Prime;][\/vc_column][\/vc_row]<\/p>\n<\/div>","protected":false},"excerpt":{"rendered":"<p>[vc_row][vc_column][\/vc_column][\/vc_row][vc_row][vc_column width=\u00a0\u00bb1\/3&Prime;][vc_single_image image=\u00a0\u00bb2177&Prime; img_size=\u00a0\u00bbfull\u00a0\u00bb][\/vc_column][vc_column width=\u00a0\u00bb1\/3&Prime;][vc_column_text] Th\u00e8me de la balade A l\u2019origine, le village de Dhuy comptait trois localit\u00e9s : Dhuy proprement dit qui en \u00e9tait&#8230;<\/p>\n<p class=\"readmore\"><a class=\"more-btn\" href=\"https:\/\/www.ecrin.be\/?p=2176\">Read More<\/a><\/p>\n","protected":false},"author":1,"featured_media":2177,"comment_status":"closed","ping_status":"closed","sticky":false,"template":"","format":"standard","meta":{"sfsi_plus_gutenberg_text_before_share":"","sfsi_plus_gutenberg_show_text_before_share":"","sfsi_plus_gutenberg_icon_type":"","sfsi_plus_gutenberg_icon_alignemt":"","sfsi_plus_gutenburg_max_per_row":"","footnotes":""},"categories":[27],"tags":[],"publishpress_future_action":{"enabled":false,"date":"2026-05-06 11:22:08","action":"change-status","newStatus":"draft","terms":[],"taxonomy":"category"},"_links":{"self":[{"href":"https:\/\/www.ecrin.be\/index.php?rest_route=\/wp\/v2\/posts\/2176"}],"collection":[{"href":"https:\/\/www.ecrin.be\/index.php?rest_route=\/wp\/v2\/posts"}],"about":[{"href":"https:\/\/www.ecrin.be\/index.php?rest_route=\/wp\/v2\/types\/post"}],"author":[{"embeddable":true,"href":"https:\/\/www.ecrin.be\/index.php?rest_route=\/wp\/v2\/users\/1"}],"replies":[{"embeddable":true,"href":"https:\/\/www.ecrin.be\/index.php?rest_route=%2Fwp%2Fv2%2Fcomments&post=2176"}],"version-history":[{"count":2,"href":"https:\/\/www.ecrin.be\/index.php?rest_route=\/wp\/v2\/posts\/2176\/revisions"}],"predecessor-version":[{"id":2212,"href":"https:\/\/www.ecrin.be\/index.php?rest_route=\/wp\/v2\/posts\/2176\/revisions\/2212"}],"wp:featuredmedia":[{"embeddable":true,"href":"https:\/\/www.ecrin.be\/index.php?rest_route=\/wp\/v2\/media\/2177"}],"wp:attachment":[{"href":"https:\/\/www.ecrin.be\/index.php?rest_route=%2Fwp%2Fv2%2Fmedia&parent=2176"}],"wp:term":[{"taxonomy":"category","embeddable":true,"href":"https:\/\/www.ecrin.be\/index.php?rest_route=%2Fwp%2Fv2%2Fcategories&post=2176"},{"taxonomy":"post_tag","embeddable":true,"href":"https:\/\/www.ecrin.be\/index.php?rest_route=%2Fwp%2Fv2%2Ftags&post=2176"}],"curies":[{"name":"wp","href":"https:\/\/api.w.org\/{rel}","templated":true}]}}