{"id":2185,"date":"2021-04-19T16:31:30","date_gmt":"2021-04-19T14:31:30","guid":{"rendered":"https:\/\/www.ecrin.be\/?p=2185"},"modified":"2022-02-24T09:55:24","modified_gmt":"2022-02-24T08:55:24","slug":"leuze-la-balade-des-chapelles","status":"publish","type":"post","link":"https:\/\/www.ecrin.be\/?p=2185","title":{"rendered":"Leuze &#8211; la balade des chapelles"},"content":{"rendered":"<div class=\"wpb-content-wrapper\"><p>[vc_row][vc_column]<div class=\"dt-title-wrapper\"><h1 class=\"section-title\">Leuze - la balade des chapelles<\/h1><\/div><h2 class=\"section-tagline\">6,5 kilom\u00e8tres - environ 2 heures<\/h2><div style=\"clear:both; width:100%; height:40px\"><\/div>[\/vc_column][\/vc_row][vc_row][vc_column width=\u00a0\u00bb1\/3&Prime;][vc_single_image image=\u00a0\u00bb2186&Prime; img_size=\u00a0\u00bbfull\u00a0\u00bb][\/vc_column][vc_column width=\u00a0\u00bb1\/3&Prime;][vc_column_text]<\/p>\n<h2>Th\u00e8me de la balade<\/h2>\n<p>Leuze compte la population la plus importante des 16 villages d\u2019Eghez\u00e9e. Le village s\u2019\u00e9tend des deux c\u00f4t\u00e9s de la chauss\u00e9e de Namur et de l\u2019ancienne ligne de chemin de fer qui ont particip\u00e9 \u00e0 son d\u00e9veloppement \u00e9conomique. En 1830, on trouvait dans le village 6 grosses exploitations agricoles, 2 moulins \u00e0 vent, 2 pressoirs \u00e0 huile activ\u00e9s par un man\u00e8ge, 2 forges de mar\u00e9chal et un atelier de charron. L&rsquo;\u00e9levage de chevaux y \u00e9tait important. Au fil du temps, nombre de ces activit\u00e9s a disparu, pour laisser place au d\u00e9veloppement commercial, le long de la chauss\u00e9e de Namur. Leuze compte une dizaine de chapelles et potales que la balade propose de d\u00e9couvrir. La promenade emprunte en outre le RAVeL et longe aussi les bassins de d\u00e9cantation de la R\u00e2perie de Longchamps, importante halte migratoire pour oiseaux.<\/p>\n<p>&nbsp;<\/p>\n<p>en partenariat avec\u00a0<a href=\"http:\/\/users.skynet.be\/fa211967\/ancien_index.html\">LeuzeCalyptus<\/a>\u00a0&amp;\u00a0<strong><a href=\"https:\/\/www.maisondelamemoiredeleuze.be\/\">La Maison de la M\u00e9moire de Leuze<\/a> \u2013 081\/51.27.64<\/strong><\/p>\n<div id=\"ConnectiveDocSignExtentionInstalled\" data-extension-version=\"1.0.4\"><\/div>\n<p>[\/vc_column_text][\/vc_column][vc_column width=\u00a0\u00bb1\/3&Prime;][vc_column_text]<a href=\"https:\/\/www.wordpress.ecrin.be\/wp-content\/uploads\/2021\/04\/Leuze-Fiche-Balade-RV.pdf\" target=\"blank\" rel=\"noopener\">T\u00e9l\u00e9charger la fiche<\/a><\/p>\n<p><a href=\"https:\/\/fr.wikiloc.com\/itineraires-marcher\/la-balade-des-chapelles-leuze-70422293\" target=\"blank\" rel=\"noopener\">Lien Wikiloc<\/a>[\/vc_column_text][vc_masonry_media_grid element_width=\u00a0\u00bb6&Prime; grid_id=\u00a0\u00bbvc_gid:1645692820915-801bca23-3669-8&Prime; include=\u00a0\u00bb2187,2188,2189,2190&Prime;][\/vc_column][\/vc_row][vc_row][vc_column][vc_column_text]<\/p>\n<div id=\"ConnectiveDocSignExtentionInstalled\" data-extension-version=\"1.0.4\"><\/div>\n<p>[\/vc_column_text][\/vc_column][\/vc_row]<\/p>\n<\/div>","protected":false},"excerpt":{"rendered":"<p>[vc_row][vc_column][\/vc_column][\/vc_row][vc_row][vc_column width=\u00a0\u00bb1\/3&Prime;][vc_single_image image=\u00a0\u00bb2186&Prime; img_size=\u00a0\u00bbfull\u00a0\u00bb][\/vc_column][vc_column width=\u00a0\u00bb1\/3&Prime;][vc_column_text] Th\u00e8me de la balade Leuze compte la population la plus importante des 16 villages d\u2019Eghez\u00e9e. Le village s\u2019\u00e9tend des deux&#8230;<\/p>\n<p class=\"readmore\"><a class=\"more-btn\" href=\"https:\/\/www.ecrin.be\/?p=2185\">Read More<\/a><\/p>\n","protected":false},"author":1,"featured_media":2186,"comment_status":"closed","ping_status":"closed","sticky":false,"template":"","format":"standard","meta":{"sfsi_plus_gutenberg_text_before_share":"","sfsi_plus_gutenberg_show_text_before_share":"","sfsi_plus_gutenberg_icon_type":"","sfsi_plus_gutenberg_icon_alignemt":"","sfsi_plus_gutenburg_max_per_row":"","footnotes":""},"categories":[27],"tags":[],"publishpress_future_action":{"enabled":false,"date":"2026-05-06 11:19:29","action":"change-status","newStatus":"draft","terms":[],"taxonomy":"category"},"_links":{"self":[{"href":"https:\/\/www.ecrin.be\/index.php?rest_route=\/wp\/v2\/posts\/2185"}],"collection":[{"href":"https:\/\/www.ecrin.be\/index.php?rest_route=\/wp\/v2\/posts"}],"about":[{"href":"https:\/\/www.ecrin.be\/index.php?rest_route=\/wp\/v2\/types\/post"}],"author":[{"embeddable":true,"href":"https:\/\/www.ecrin.be\/index.php?rest_route=\/wp\/v2\/users\/1"}],"replies":[{"embeddable":true,"href":"https:\/\/www.ecrin.be\/index.php?rest_route=%2Fwp%2Fv2%2Fcomments&post=2185"}],"version-history":[{"count":5,"href":"https:\/\/www.ecrin.be\/index.php?rest_route=\/wp\/v2\/posts\/2185\/revisions"}],"predecessor-version":[{"id":2877,"href":"https:\/\/www.ecrin.be\/index.php?rest_route=\/wp\/v2\/posts\/2185\/revisions\/2877"}],"wp:featuredmedia":[{"embeddable":true,"href":"https:\/\/www.ecrin.be\/index.php?rest_route=\/wp\/v2\/media\/2186"}],"wp:attachment":[{"href":"https:\/\/www.ecrin.be\/index.php?rest_route=%2Fwp%2Fv2%2Fmedia&parent=2185"}],"wp:term":[{"taxonomy":"category","embeddable":true,"href":"https:\/\/www.ecrin.be\/index.php?rest_route=%2Fwp%2Fv2%2Fcategories&post=2185"},{"taxonomy":"post_tag","embeddable":true,"href":"https:\/\/www.ecrin.be\/index.php?rest_route=%2Fwp%2Fv2%2Ftags&post=2185"}],"curies":[{"name":"wp","href":"https:\/\/api.w.org\/{rel}","templated":true}]}}