{"id":2467,"date":"2021-06-25T18:25:59","date_gmt":"2021-06-25T16:25:59","guid":{"rendered":"https:\/\/www.ecrin.be\/?p=2467"},"modified":"2021-09-15T09:31:20","modified_gmt":"2021-09-15T07:31:20","slug":"aische-la-balade-des-zones-humides","status":"publish","type":"post","link":"https:\/\/www.ecrin.be\/?p=2467","title":{"rendered":"Aische &#8211; la balade des zones humides"},"content":{"rendered":"<div class=\"wpb-content-wrapper\"><p>[vc_row][vc_column]<div class=\"dt-title-wrapper\"><h1 class=\"section-title\">Aische - la balade des zones humides<\/h1><\/div><h2 class=\"section-tagline\">4 kilom\u00e8tres - environ 1 heure 30<\/h2><div style=\"clear:both; width:100%; height:40px\"><\/div>[\/vc_column][\/vc_row][vc_row][vc_column width=\u00a0\u00bb1\/3&Prime;][vc_single_image image=\u00a0\u00bb2468&Prime; img_size=\u00a0\u00bbfull\u00a0\u00bb][\/vc_column][vc_column width=\u00a0\u00bb1\/3&Prime;][vc_column_text]<\/p>\n<h2>Th\u00e8me de la balade<\/h2>\n<p>Le village d\u2019Aische-en-Refail se situe au creux de la petite vall\u00e9e du Nachau, ruisseau affluent de la Mehaigne. Le village est tr\u00e8s ancien, Aische et le Nachau sont cit\u00e9s dans un acte de 805. Son nom viendrait de \u00ab\u00a0asca\u00a0\u00bb ou \u00ab\u00a0esca\u00a0\u00bb signifiant \u00ab\u00a0champ entourant un village\u00a0\u00bb et \u00ab\u00a0refai\u00a0\u00bb (= fayt) signifiant \u00ab\u00a0bois de h\u00eatres d\u00e9frich\u00e9\u00a0\u00bb. Au c\u0153ur du village se trouve une \u00ab\u00a0Zone de Grand Int\u00e9r\u00eat Biologique\u00a0\u00bb (classement en ce printemps 2021), travers\u00e9e par un sentier qui permet de d\u00e9couvrir un patrimoine quelque peu m\u00e9connu : la ripisylve, une\u00a0for\u00eat bordant le cours d\u2019eau, se d\u00e9veloppant sur les sols mar\u00e9cageux et domin\u00e9e par les aulnes et les saules. Les espaces plus ouverts y sont occup\u00e9s par des v\u00e9g\u00e9tations herbac\u00e9es de marais et de roseli\u00e8re. On y trouve quelques plantes sauvages utiles voire comestibles.<\/p>\n<p>Fiche r\u00e9alis\u00e9e en partenariat avec <a href=\"http:\/\/www.eghezee-en-sentiers.be\/\">Eghez\u00e9e-en-Sentiers<\/a>\u00a0&amp;\u00a0<em>Les 4 Saisons de la Nature<\/em><\/p>\n<div id=\"ConnectiveDocSignExtentionInstalled\" data-extension-version=\"1.0.4\"><\/div>\n<p>[\/vc_column_text][\/vc_column][vc_column width=\u00a0\u00bb1\/3&Prime;][vc_column_text]<a href=\"https:\/\/www.wordpress.ecrin.be\/wp-content\/uploads\/2021\/06\/Aische-fiche-balade.pdf\" target=\"_blank\" rel=\"noopener\">T\u00e9l\u00e9charger la fiche<\/a><\/p>\n<p><a href=\"https:\/\/fr.wikiloc.com\/itineraires-marcher\/balade-des-plantes-sauvages-aische-en-refail-69112672\" target=\"_blank\" rel=\"noopener\">Lien Wikiloc<\/a><\/p>\n<p>[\/vc_column_text][vc_masonry_media_grid element_width=\u00a0\u00bb6&Prime; grid_id=\u00a0\u00bbvc_gid:1631691061166-90fef2d0-16c8-0&Prime; include=\u00a0\u00bb2469,2470,2471,2472&Prime;][\/vc_column][\/vc_row][vc_row][vc_column][vc_column_text]<\/p>\n<div id=\"ConnectiveDocSignExtentionInstalled\" data-extension-version=\"1.0.4\"><\/div>\n<p>[\/vc_column_text][\/vc_column][\/vc_row][vc_row][vc_column][vc_column_text]<\/p>\n<div id=\"ConnectiveDocSignExtentionInstalled\" data-extension-version=\"1.0.4\"><\/div>\n<p>[\/vc_column_text][\/vc_column][\/vc_row][vc_row][vc_column][vc_column_text]<\/p>\n<div id=\"ConnectiveDocSignExtentionInstalled\" data-extension-version=\"1.0.4\"><\/div>\n<p>[\/vc_column_text][\/vc_column][\/vc_row]<\/p>\n<\/div>","protected":false},"excerpt":{"rendered":"<p>[vc_row][vc_column][\/vc_column][\/vc_row][vc_row][vc_column width=\u00a0\u00bb1\/3&Prime;][vc_single_image image=\u00a0\u00bb2468&Prime; img_size=\u00a0\u00bbfull\u00a0\u00bb][\/vc_column][vc_column width=\u00a0\u00bb1\/3&Prime;][vc_column_text] Th\u00e8me de la balade Le village d\u2019Aische-en-Refail se situe au creux de la petite vall\u00e9e du Nachau, ruisseau affluent de&#8230;<\/p>\n<p class=\"readmore\"><a class=\"more-btn\" href=\"https:\/\/www.ecrin.be\/?p=2467\">Read More<\/a><\/p>\n","protected":false},"author":1,"featured_media":2468,"comment_status":"closed","ping_status":"closed","sticky":false,"template":"","format":"standard","meta":{"sfsi_plus_gutenberg_text_before_share":"","sfsi_plus_gutenberg_show_text_before_share":"","sfsi_plus_gutenberg_icon_type":"","sfsi_plus_gutenberg_icon_alignemt":"","sfsi_plus_gutenburg_max_per_row":"","footnotes":""},"categories":[27],"tags":[],"publishpress_future_action":{"enabled":false,"date":"2026-05-06 11:18:40","action":"change-status","newStatus":"draft","terms":[],"taxonomy":"category"},"_links":{"self":[{"href":"https:\/\/www.ecrin.be\/index.php?rest_route=\/wp\/v2\/posts\/2467"}],"collection":[{"href":"https:\/\/www.ecrin.be\/index.php?rest_route=\/wp\/v2\/posts"}],"about":[{"href":"https:\/\/www.ecrin.be\/index.php?rest_route=\/wp\/v2\/types\/post"}],"author":[{"embeddable":true,"href":"https:\/\/www.ecrin.be\/index.php?rest_route=\/wp\/v2\/users\/1"}],"replies":[{"embeddable":true,"href":"https:\/\/www.ecrin.be\/index.php?rest_route=%2Fwp%2Fv2%2Fcomments&post=2467"}],"version-history":[{"count":6,"href":"https:\/\/www.ecrin.be\/index.php?rest_route=\/wp\/v2\/posts\/2467\/revisions"}],"predecessor-version":[{"id":2564,"href":"https:\/\/www.ecrin.be\/index.php?rest_route=\/wp\/v2\/posts\/2467\/revisions\/2564"}],"wp:featuredmedia":[{"embeddable":true,"href":"https:\/\/www.ecrin.be\/index.php?rest_route=\/wp\/v2\/media\/2468"}],"wp:attachment":[{"href":"https:\/\/www.ecrin.be\/index.php?rest_route=%2Fwp%2Fv2%2Fmedia&parent=2467"}],"wp:term":[{"taxonomy":"category","embeddable":true,"href":"https:\/\/www.ecrin.be\/index.php?rest_route=%2Fwp%2Fv2%2Fcategories&post=2467"},{"taxonomy":"post_tag","embeddable":true,"href":"https:\/\/www.ecrin.be\/index.php?rest_route=%2Fwp%2Fv2%2Ftags&post=2467"}],"curies":[{"name":"wp","href":"https:\/\/api.w.org\/{rel}","templated":true}]}}