{"id":2550,"date":"2021-06-21T09:26:50","date_gmt":"2021-06-21T07:26:50","guid":{"rendered":"https:\/\/www.ecrin.be\/?p=2550"},"modified":"2022-02-25T12:02:13","modified_gmt":"2022-02-25T11:02:13","slug":"liernu-la-balade-sur-les-terres-du-gros-chene","status":"publish","type":"post","link":"https:\/\/www.ecrin.be\/?p=2550","title":{"rendered":"Liernu &#8211; la balade sur les terres du gros ch\u00eane"},"content":{"rendered":"<div class=\"wpb-content-wrapper\"><p>[vc_row][vc_column]<div class=\"dt-title-wrapper\"><h1 class=\"section-title\">Liernu - La balade sur les terres du gros ch\u00eane<\/h1><\/div><h2 class=\"section-tagline\">7 kilom\u00e8tres - environ 2 heures<\/h2><div style=\"clear:both; width:100%; height:40px\"><\/div>[\/vc_column][\/vc_row][vc_row][vc_column width=\u00a0\u00bb1\/3&Prime;][vc_single_image image=\u00a0\u00bb2551&Prime; img_size=\u00a0\u00bbfull\u00a0\u00bb][\/vc_column][vc_column width=\u00a0\u00bb1\/3&Prime;][vc_column_text]<\/p>\n<h2>Th\u00e8me de la balade<\/h2>\n<p>Liernu est le village de l\u2019entit\u00e9 d\u2019Eghez\u00e9e situ\u00e9 le plus \u00e0 l\u2019ouest. Tout en longueur, il est travers\u00e9 par l\u2019autoroute des Ardennes (E411). En son extr\u00eame ouest, se trouve la ligne de partage des eaux entre l\u2019Orneau (affluent de la Sambre) et la Mehaigne (affluent de la Meuse). Le village est travers\u00e9 par le ruisseau de Liernu, qui se jette dans la Mehaigne \u00e0 Noville-sur-Mehaigne. Son sol, compos\u00e9 de riche limon de Hesbaye, a donn\u00e9 vigueur \u00e0 des arbres forestiers remarquables, dont le mill\u00e9naire Gros Ch\u00eane. La for\u00eat \u00ab Charbonni\u00e8re \u00bb occupait l\u2019ouest du village. Cette for\u00eat antique dont le nom laisse penser qu\u2019elle \u00e9tait source importante de charbon de bois s\u2019\u00e9talait de Thuin \u00e0 Bruxelles. Elle \u00e9tait constitu\u00e9e de futaie claire avec une majorit\u00e9 de ch\u00eanes et des h\u00eatres, charmes, bouleaux, \u00e9rables, coudriers, tilleuls et ormes. Jusqu\u2019au XVIIe si\u00e8cle, le village \u00e9tait ainsi tr\u00e8s bois\u00e9, et prot\u00e9g\u00e9 des vents. Les bois ont ensuite fait place \u00e0 des terres de culture et d\u2019\u00e9levage et \u00e0 quelques vergers. Aujourd\u2019hui, la plupart des espaces naturels sont concentr\u00e9s \u00e0 l\u2019est, pr\u00e8s des berges des cours d\u2019eau.<\/p>\n<p>&nbsp;<\/p>\n<p>Fiche r\u00e9alis\u00e9e en partenariat avec <a href=\"http:\/\/www.corpograndfeuliernu.be\/\">la Corporation du Grand Feu de Liernu<\/a>\u00a0\u00a0&amp;\u00a0<a href=\"http:\/\/www.chenemillenairedeliernu.be\/\">la Confr\u00e9rie du Gros Ch\u00eane de Liernu<\/a><\/p>\n<div id=\"ConnectiveDocSignExtentionInstalled\" data-extension-version=\"1.0.4\"><\/div>\n<p>[\/vc_column_text][\/vc_column][vc_column width=\u00a0\u00bb1\/3&Prime;][vc_column_text]<a href=\"https:\/\/www.wordpress.ecrin.be\/wp-content\/uploads\/2021\/09\/Liernu.pdf\" target=\"_blank\" rel=\"noopener\">T\u00e9l\u00e9charger la fiche<\/a><\/p>\n<p><a href=\"https:\/\/fr.wikiloc.com\/itineraires-marcher\/la-balade-sur-les-terres-du-gros-chene-liernu-95543725\">Lien Wikiloc<\/a>[\/vc_column_text][vc_masonry_media_grid element_width=\u00a0\u00bb6&Prime; grid_id=\u00a0\u00bbvc_gid:1645786897068-bb54b51c-ea8d-2&Prime; include=\u00a0\u00bb2552,2553,2554,2555,2556&Prime;][\/vc_column][\/vc_row][vc_row][vc_column][vc_column_text]<\/p>\n<div id=\"ConnectiveDocSignExtentionInstalled\" data-extension-version=\"1.0.4\"><\/div>\n<div id=\"ConnectiveDocSignExtentionInstalled\" data-extension-version=\"1.0.4\"><\/div>\n<p>[\/vc_column_text][\/vc_column][\/vc_row]<\/p>\n<\/div>","protected":false},"excerpt":{"rendered":"<p>[vc_row][vc_column][\/vc_column][\/vc_row][vc_row][vc_column width=\u00a0\u00bb1\/3&Prime;][vc_single_image image=\u00a0\u00bb2551&Prime; img_size=\u00a0\u00bbfull\u00a0\u00bb][\/vc_column][vc_column width=\u00a0\u00bb1\/3&Prime;][vc_column_text] Th\u00e8me de la balade Liernu est le village de l\u2019entit\u00e9 d\u2019Eghez\u00e9e situ\u00e9 le plus \u00e0 l\u2019ouest. Tout en longueur, il&#8230;<\/p>\n<p class=\"readmore\"><a class=\"more-btn\" href=\"https:\/\/www.ecrin.be\/?p=2550\">Read More<\/a><\/p>\n","protected":false},"author":1,"featured_media":2551,"comment_status":"closed","ping_status":"closed","sticky":false,"template":"","format":"standard","meta":{"sfsi_plus_gutenberg_text_before_share":"","sfsi_plus_gutenberg_show_text_before_share":"","sfsi_plus_gutenberg_icon_type":"","sfsi_plus_gutenberg_icon_alignemt":"","sfsi_plus_gutenburg_max_per_row":"","footnotes":""},"categories":[27,18],"tags":[],"publishpress_future_action":{"enabled":false,"date":"2026-05-06 11:22:29","action":"change-status","newStatus":"draft","terms":[],"taxonomy":"category"},"_links":{"self":[{"href":"https:\/\/www.ecrin.be\/index.php?rest_route=\/wp\/v2\/posts\/2550"}],"collection":[{"href":"https:\/\/www.ecrin.be\/index.php?rest_route=\/wp\/v2\/posts"}],"about":[{"href":"https:\/\/www.ecrin.be\/index.php?rest_route=\/wp\/v2\/types\/post"}],"author":[{"embeddable":true,"href":"https:\/\/www.ecrin.be\/index.php?rest_route=\/wp\/v2\/users\/1"}],"replies":[{"embeddable":true,"href":"https:\/\/www.ecrin.be\/index.php?rest_route=%2Fwp%2Fv2%2Fcomments&post=2550"}],"version-history":[{"count":5,"href":"https:\/\/www.ecrin.be\/index.php?rest_route=\/wp\/v2\/posts\/2550\/revisions"}],"predecessor-version":[{"id":2881,"href":"https:\/\/www.ecrin.be\/index.php?rest_route=\/wp\/v2\/posts\/2550\/revisions\/2881"}],"wp:featuredmedia":[{"embeddable":true,"href":"https:\/\/www.ecrin.be\/index.php?rest_route=\/wp\/v2\/media\/2551"}],"wp:attachment":[{"href":"https:\/\/www.ecrin.be\/index.php?rest_route=%2Fwp%2Fv2%2Fmedia&parent=2550"}],"wp:term":[{"taxonomy":"category","embeddable":true,"href":"https:\/\/www.ecrin.be\/index.php?rest_route=%2Fwp%2Fv2%2Fcategories&post=2550"},{"taxonomy":"post_tag","embeddable":true,"href":"https:\/\/www.ecrin.be\/index.php?rest_route=%2Fwp%2Fv2%2Ftags&post=2550"}],"curies":[{"name":"wp","href":"https:\/\/api.w.org\/{rel}","templated":true}]}}