{"id":2582,"date":"2021-09-16T09:45:24","date_gmt":"2021-09-16T07:45:24","guid":{"rendered":"https:\/\/www.ecrin.be\/?p=2582"},"modified":"2021-09-16T09:54:01","modified_gmt":"2021-09-16T07:54:01","slug":"boneffe-la-balade-de-labbaye-aux-champs","status":"publish","type":"post","link":"https:\/\/www.ecrin.be\/?p=2582","title":{"rendered":"Boneffe &#8211; la balade de l&rsquo;abbaye aux champs"},"content":{"rendered":"<div class=\"wpb-content-wrapper\"><p>[vc_row][vc_column]<div class=\"dt-title-wrapper\"><h1 class=\"section-title\">Boneffe - La balade de l'abbaye aux champs<\/h1><\/div><h2 class=\"section-tagline\">7 kilom\u00e8tres - environ 2h15<\/h2><div style=\"clear:both; width:100%; height:40px\"><\/div>[\/vc_column][\/vc_row][vc_row][vc_column width=\u00a0\u00bb1\/3&Prime;][vc_single_image image=\u00a0\u00bb2585&Prime; img_size=\u00a0\u00bbfull\u00a0\u00bb][\/vc_column][vc_column width=\u00a0\u00bb1\/3&Prime;][vc_column_text]<\/p>\n<h2>Th\u00e8me de la balade<\/h2>\n<p>A la fin du XIXe si\u00e8cle, Boneffe \u00e9tait d\u00e9crit ainsi : \u00ab\u00a0Sur la rive gauche de la Mehaigne s&rsquo;\u00e9l\u00e8vent des maisons d&rsquo;ouvriers, de commer\u00e7ants, d&rsquo;artisans et de cultivateurs, l&rsquo;\u00e9glise entour\u00e9e du cimeti\u00e8re, l&rsquo;orphelinat, deux grandes fermes, une sucrerie et ses d\u00e9pendances, et la gare du chemin de fer Zaman. Sur la rive droite, en amont, le moulin et les b\u00e2timents de l&rsquo;ancienne abbaye convertis en corps de ferme ; en aval et en regard du village, l&rsquo;\u00e9tang, le parc et les grands arbres du ch\u00e2teau. Enfin, dans l&rsquo;angle form\u00e9 par les cl\u00f4tures de l&rsquo;abbaye et du ch\u00e2teau, des maisons d&rsquo;ouvriers et de petits cultivateurs forment le hameau de Par-del\u00e0-l \u2018eau. Sur la m\u00eame rive existaient autrefois, vingt maisons construites en torchis sur un sol tr\u00e8s humide : le hameau de Comognes qui fut d\u00e9moli. Village et hameau, abbaye et ch\u00e2teau sont domin\u00e9s de trois c\u00f4t\u00e9s par l&rsquo;un des plateaux les plus fertiles et les mieux cultiv\u00e9s de la Hesbaye. Le quatri\u00e8me c\u00f4t\u00e9 est form\u00e9 par le vaste \u00e9tang de l&rsquo;abbaye, le bief du moulin et des prairies se continuant vers Taviers.\u00a0\u00bb Depuis, le village a chang\u00e9&#8230; mais pas tant que cela finalement !<\/p>\n<p>[\/vc_column_text][\/vc_column][vc_column width=\u00a0\u00bb1\/3&Prime;][vc_column_text]<a href=\"https:\/\/www.wordpress.ecrin.be\/wp-content\/uploads\/2021\/09\/Boneffe.pdf\" target=\"_blank\" rel=\"noopener\">T\u00e9l\u00e9charger la fiche<\/a><\/p>\n<p><a href=\"https:\/\/fr.wikiloc.com\/itineraires-marcher\/balade-de-labbaye-aux-champs-boneffe-83855956\" target=\"_blank\" rel=\"noopener\">Lien Wikiloc<\/a><\/p>\n<div id=\"ConnectiveDocSignExtentionInstalled\" data-extension-version=\"1.0.4\"><\/div>\n<p>[\/vc_column_text][vc_masonry_media_grid element_width=\u00a0\u00bb6&Prime; grid_id=\u00a0\u00bbvc_gid:1631778828402-a8e039f0-9f11-1&Prime; include=\u00a0\u00bb2591,2592,2593,2594,2595&Prime;][\/vc_column][\/vc_row][vc_row][vc_column][vc_column_text]<\/p>\n<div id=\"ConnectiveDocSignExtentionInstalled\" data-extension-version=\"1.0.4\"><\/div>\n<p>[\/vc_column_text][\/vc_column][\/vc_row][vc_row][vc_column][vc_column_text]<\/p>\n<div id=\"ConnectiveDocSignExtentionInstalled\" data-extension-version=\"1.0.4\"><\/div>\n<p>[\/vc_column_text][\/vc_column][\/vc_row]<\/p>\n<\/div>","protected":false},"excerpt":{"rendered":"<p>[vc_row][vc_column][\/vc_column][\/vc_row][vc_row][vc_column width=\u00a0\u00bb1\/3&Prime;][vc_single_image image=\u00a0\u00bb2585&Prime; img_size=\u00a0\u00bbfull\u00a0\u00bb][\/vc_column][vc_column width=\u00a0\u00bb1\/3&Prime;][vc_column_text] Th\u00e8me de la balade A la fin du XIXe si\u00e8cle, Boneffe \u00e9tait d\u00e9crit ainsi : \u00ab\u00a0Sur la rive gauche de&#8230;<\/p>\n<p class=\"readmore\"><a class=\"more-btn\" href=\"https:\/\/www.ecrin.be\/?p=2582\">Read More<\/a><\/p>\n","protected":false},"author":1,"featured_media":2585,"comment_status":"closed","ping_status":"closed","sticky":false,"template":"","format":"standard","meta":{"sfsi_plus_gutenberg_text_before_share":"","sfsi_plus_gutenberg_show_text_before_share":"","sfsi_plus_gutenberg_icon_type":"","sfsi_plus_gutenberg_icon_alignemt":"","sfsi_plus_gutenburg_max_per_row":"","footnotes":""},"categories":[27],"tags":[],"publishpress_future_action":{"enabled":false,"date":"2026-05-06 11:24:39","action":"change-status","newStatus":"draft","terms":[],"taxonomy":"category"},"_links":{"self":[{"href":"https:\/\/www.ecrin.be\/index.php?rest_route=\/wp\/v2\/posts\/2582"}],"collection":[{"href":"https:\/\/www.ecrin.be\/index.php?rest_route=\/wp\/v2\/posts"}],"about":[{"href":"https:\/\/www.ecrin.be\/index.php?rest_route=\/wp\/v2\/types\/post"}],"author":[{"embeddable":true,"href":"https:\/\/www.ecrin.be\/index.php?rest_route=\/wp\/v2\/users\/1"}],"replies":[{"embeddable":true,"href":"https:\/\/www.ecrin.be\/index.php?rest_route=%2Fwp%2Fv2%2Fcomments&post=2582"}],"version-history":[{"count":4,"href":"https:\/\/www.ecrin.be\/index.php?rest_route=\/wp\/v2\/posts\/2582\/revisions"}],"predecessor-version":[{"id":2609,"href":"https:\/\/www.ecrin.be\/index.php?rest_route=\/wp\/v2\/posts\/2582\/revisions\/2609"}],"wp:featuredmedia":[{"embeddable":true,"href":"https:\/\/www.ecrin.be\/index.php?rest_route=\/wp\/v2\/media\/2585"}],"wp:attachment":[{"href":"https:\/\/www.ecrin.be\/index.php?rest_route=%2Fwp%2Fv2%2Fmedia&parent=2582"}],"wp:term":[{"taxonomy":"category","embeddable":true,"href":"https:\/\/www.ecrin.be\/index.php?rest_route=%2Fwp%2Fv2%2Fcategories&post=2582"},{"taxonomy":"post_tag","embeddable":true,"href":"https:\/\/www.ecrin.be\/index.php?rest_route=%2Fwp%2Fv2%2Ftags&post=2582"}],"curies":[{"name":"wp","href":"https:\/\/api.w.org\/{rel}","templated":true}]}}