{"id":2742,"date":"2021-12-09T09:36:51","date_gmt":"2021-12-09T08:36:51","guid":{"rendered":"https:\/\/www.ecrin.be\/?p=2742"},"modified":"2021-12-09T09:37:33","modified_gmt":"2021-12-09T08:37:33","slug":"bolinne-la-balade-deglises-en-chapelles","status":"publish","type":"post","link":"https:\/\/www.ecrin.be\/?p=2742","title":{"rendered":"Bolinne &#8211; la balade d&rsquo;\u00e9glises en chapelles"},"content":{"rendered":"<div class=\"wpb-content-wrapper\"><p>[vc_row][vc_column]<div class=\"dt-title-wrapper\"><h1 class=\"section-title\">Bolinne - la balade d'\u00e9glises en chapelles<\/h1><\/div><h2 class=\"section-tagline\">9,5 kilom\u00e8tres - environ 2h30<\/h2><div style=\"clear:both; width:100%; height:40px\"><\/div>[\/vc_column][\/vc_row][vc_row][vc_column width=\u00a0\u00bb1\/3&Prime;][vc_single_image image=\u00a0\u00bb2744&Prime; img_size=\u00a0\u00bbfull\u00a0\u00bb][\/vc_column][vc_column width=\u00a0\u00bb1\/3&Prime;][vc_column_text]<\/p>\n<h2>Th\u00e8me de la balade<\/h2>\n<p>On sait que, avant 1609, Bolinne faisait partie de la paroisse d\u2019Harlue. \u00c0 cette date, la chapelle de Bolinne fut \u00e9rig\u00e9e en \u00e9glise d\u2019une paroisse dis\udbc0\udd9fncte. Les deux paroisses existent s\u00e9par\u00e9ment jusqu\u2019en 1809. Celle d\u2019Harlue est alors r\u00e9unie \u00e0 celle de Bolinne, plus peupl\u00e9e.<br \/>\nPuis, en 1835, la paroisse d\u2019Harlue retrouve son autonomie, comme succursale. Les liens entre les deux villages ont aussi leur histoire. Au Moyen-\u00c2ge, Bolinne et Harlue sont deux seigneuries dis\udbc0\udd9fnctes. Puis, Bolinne, Harlue et Eghez\u00e9e cons\udbc0\udd9ftuent une seule en\udbc0\udd9ft\u00e9 jusqu\u2019au d\u00e9but du XVIIIe si\u00e8cle. En 1810, les deux communes sont \u00e0 nouveau r\u00e9unies par un d\u00e9cret imp\u00e9rial qui annexe Harlue \u00e0 Bolinne. Apr\u00e8s la fusion des communes en 1977, Bolinne reprend le nom de Bolinne-Harlue, retrouvant sa double origine. La balade rejoint les deux \u00e9glises de Bolinne et d\u2019Harlue et revient par la chapelle de Franquen\u00e9e, qui fut autrefois elle aussi l\u2019\u00e9glise d\u2019une paroisse avant que celle-ci ne soit ra\udbc0\udda9ach\u00e9e \u00e0 Taviers.<\/p>\n<div id=\"ConnectiveDocSignExtentionInstalled\" data-extension-version=\"1.0.4\"><\/div>\n<p>[\/vc_column_text][\/vc_column][vc_column width=\u00a0\u00bb1\/3&Prime;][vc_column_text]<a href=\"https:\/\/www.wordpress.ecrin.be\/wp-content\/uploads\/2021\/12\/Bolinne-2021-light.pdf\">T\u00e9l\u00e9charger la fiche<\/a><\/p>\n<p>Lien Wikiloc<\/p>\n<div id=\"ConnectiveDocSignExtentionInstalled\" data-extension-version=\"1.0.4\"><\/div>\n<p>[\/vc_column_text][vc_masonry_media_grid element_width=\u00a0\u00bb6&Prime; grid_id=\u00a0\u00bbvc_gid:1639039025675-78c64f6a-8804-3&Prime; include=\u00a0\u00bb2745,2746,2747,2748&Prime;][\/vc_column][\/vc_row][vc_row][vc_column][vc_column_text]<\/p>\n<div id=\"ConnectiveDocSignExtentionInstalled\" data-extension-version=\"1.0.4\"><\/div>\n<p>[\/vc_column_text][\/vc_column][\/vc_row]<\/p>\n<\/div>","protected":false},"excerpt":{"rendered":"<p>[vc_row][vc_column][\/vc_column][\/vc_row][vc_row][vc_column width=\u00a0\u00bb1\/3&Prime;][vc_single_image image=\u00a0\u00bb2744&Prime; img_size=\u00a0\u00bbfull\u00a0\u00bb][\/vc_column][vc_column width=\u00a0\u00bb1\/3&Prime;][vc_column_text] Th\u00e8me de la balade On sait que, avant 1609, Bolinne faisait partie de la paroisse d\u2019Harlue. \u00c0 cette date, la&#8230;<\/p>\n<p class=\"readmore\"><a class=\"more-btn\" href=\"https:\/\/www.ecrin.be\/?p=2742\">Read More<\/a><\/p>\n","protected":false},"author":1,"featured_media":2744,"comment_status":"closed","ping_status":"closed","sticky":false,"template":"","format":"standard","meta":{"sfsi_plus_gutenberg_text_before_share":"","sfsi_plus_gutenberg_show_text_before_share":"","sfsi_plus_gutenberg_icon_type":"","sfsi_plus_gutenberg_icon_alignemt":"","sfsi_plus_gutenburg_max_per_row":"","footnotes":""},"categories":[27],"tags":[],"publishpress_future_action":{"enabled":false,"date":"2026-05-06 11:24:39","action":"change-status","newStatus":"draft","terms":[],"taxonomy":"category"},"_links":{"self":[{"href":"https:\/\/www.ecrin.be\/index.php?rest_route=\/wp\/v2\/posts\/2742"}],"collection":[{"href":"https:\/\/www.ecrin.be\/index.php?rest_route=\/wp\/v2\/posts"}],"about":[{"href":"https:\/\/www.ecrin.be\/index.php?rest_route=\/wp\/v2\/types\/post"}],"author":[{"embeddable":true,"href":"https:\/\/www.ecrin.be\/index.php?rest_route=\/wp\/v2\/users\/1"}],"replies":[{"embeddable":true,"href":"https:\/\/www.ecrin.be\/index.php?rest_route=%2Fwp%2Fv2%2Fcomments&post=2742"}],"version-history":[{"count":2,"href":"https:\/\/www.ecrin.be\/index.php?rest_route=\/wp\/v2\/posts\/2742\/revisions"}],"predecessor-version":[{"id":2751,"href":"https:\/\/www.ecrin.be\/index.php?rest_route=\/wp\/v2\/posts\/2742\/revisions\/2751"}],"wp:featuredmedia":[{"embeddable":true,"href":"https:\/\/www.ecrin.be\/index.php?rest_route=\/wp\/v2\/media\/2744"}],"wp:attachment":[{"href":"https:\/\/www.ecrin.be\/index.php?rest_route=%2Fwp%2Fv2%2Fmedia&parent=2742"}],"wp:term":[{"taxonomy":"category","embeddable":true,"href":"https:\/\/www.ecrin.be\/index.php?rest_route=%2Fwp%2Fv2%2Fcategories&post=2742"},{"taxonomy":"post_tag","embeddable":true,"href":"https:\/\/www.ecrin.be\/index.php?rest_route=%2Fwp%2Fv2%2Ftags&post=2742"}],"curies":[{"name":"wp","href":"https:\/\/api.w.org\/{rel}","templated":true}]}}