{"id":2778,"date":"2021-12-13T14:47:05","date_gmt":"2021-12-13T13:47:05","guid":{"rendered":"https:\/\/www.ecrin.be\/?p=2778"},"modified":"2021-12-13T14:47:05","modified_gmt":"2021-12-13T13:47:05","slug":"hanret-la-balade-des-prairies","status":"publish","type":"post","link":"https:\/\/www.ecrin.be\/?p=2778","title":{"rendered":"Hanret &#8211; la balade des prairies"},"content":{"rendered":"<div class=\"wpb-content-wrapper\"><p>[vc_row][vc_column]<div class=\"dt-title-wrapper\"><h1 class=\"section-title\">Hanret - la balade des prairies<\/h1><\/div><h2 class=\"section-tagline\">5 kilom\u00e8tres - environ 1h15<\/h2><div style=\"clear:both; width:100%; height:40px\"><\/div>[\/vc_column][\/vc_row][vc_row][vc_column width=\u00a0\u00bb1\/3&Prime;][vc_single_image image=\u00a0\u00bb2781&Prime; img_size=\u00a0\u00bbfull\u00a0\u00bb][\/vc_column][vc_column width=\u00a0\u00bb1\/3&Prime;][vc_column_text]<\/p>\n<h2>Th\u00e8me de la balade<\/h2>\n<p>Le nom d\u2019Hanret aurait une origine celtique (HAN signifiant trou et RESCH signifiant noir) sans que l\u2019on puisse interpr\u00e9ter son sens. On sait juste que la rue de Montigny portait le nom de \u00ab\u00a0rue de Noir Trou\u00a0\u00bb avant la fusion des communes en 1977. Cette origine celtique du nom d\u2019Hanret pourrait t\u00e9moigner de l\u2019anciennet\u00e9 de son histoire : on y a en effet d\u00e9couvert les vestiges des fondations d\u2019une villa romaine (un domaine agricole \u00e0 l\u2019\u00e9poque) mais aussi une hache en silex poli qui remonte \u00e0 3 000 ans. La route d\u2019Andenne, autrefois emprunt\u00e9e par le tram qui reliait Eghez\u00e9e \u00e0 Forville, s\u00e9pare le village en deux : \u00ab\u00a0La Vall\u00e9e\u00a0\u00bb au nord et \u00ab\u00a0le c\u00f4t\u00e9 de l\u2019\u00e9glise\u00a0\u00bb au sud. Le ruisseau de la Batterie traverse tout le village et se jette dans la Soile \u00e0 Hemptinne. Plusieurs des chemins et<br \/>\nsentiers qui permettaient jadis de rejoindre au plus court toutes les rues du village existent encore. Hanret a conserv\u00e9 son paysage essentiellement agricole et se distingue quelque peu des autres villages de l\u2019entit\u00e9 d\u2019Eghez\u00e9e par ses nombreuses prairies.<\/p>\n<div id=\"ConnectiveDocSignExtentionInstalled\" data-extension-version=\"1.0.4\"><\/div>\n<p>[\/vc_column_text][\/vc_column][vc_column width=\u00a0\u00bb1\/3&Prime;][vc_column_text]<a href=\"https:\/\/www.wordpress.ecrin.be\/wp-content\/uploads\/2021\/12\/fiche-balade-Hanret-light.pdf\">T\u00e9l\u00e9charger la fiche<\/a><\/p>\n<p>Lien Wikiloc<\/p>\n<div id=\"ConnectiveDocSignExtentionInstalled\" data-extension-version=\"1.0.4\"><\/div>\n<p>[\/vc_column_text][vc_masonry_media_grid element_width=\u00a0\u00bb6&Prime; grid_id=\u00a0\u00bbvc_gid:1639402691236-261ec118-b823-5&Prime; include=\u00a0\u00bb2784,2783,2782,2780,2779&Prime;][\/vc_column][\/vc_row]<\/p>\n<\/div>","protected":false},"excerpt":{"rendered":"<p>[vc_row][vc_column][\/vc_column][\/vc_row][vc_row][vc_column width=\u00a0\u00bb1\/3&Prime;][vc_single_image image=\u00a0\u00bb2781&Prime; img_size=\u00a0\u00bbfull\u00a0\u00bb][\/vc_column][vc_column width=\u00a0\u00bb1\/3&Prime;][vc_column_text] Th\u00e8me de la balade Le nom d\u2019Hanret aurait une origine celtique (HAN signifiant trou et RESCH signifiant noir) sans que&#8230;<\/p>\n<p class=\"readmore\"><a class=\"more-btn\" href=\"https:\/\/www.ecrin.be\/?p=2778\">Read More<\/a><\/p>\n","protected":false},"author":1,"featured_media":2781,"comment_status":"closed","ping_status":"closed","sticky":false,"template":"","format":"standard","meta":{"sfsi_plus_gutenberg_text_before_share":"","sfsi_plus_gutenberg_show_text_before_share":"","sfsi_plus_gutenberg_icon_type":"","sfsi_plus_gutenberg_icon_alignemt":"","sfsi_plus_gutenburg_max_per_row":"","footnotes":""},"categories":[27],"tags":[],"publishpress_future_action":{"enabled":false,"date":"2026-05-06 11:20:43","action":"change-status","newStatus":"draft","terms":[],"taxonomy":"category"},"_links":{"self":[{"href":"https:\/\/www.ecrin.be\/index.php?rest_route=\/wp\/v2\/posts\/2778"}],"collection":[{"href":"https:\/\/www.ecrin.be\/index.php?rest_route=\/wp\/v2\/posts"}],"about":[{"href":"https:\/\/www.ecrin.be\/index.php?rest_route=\/wp\/v2\/types\/post"}],"author":[{"embeddable":true,"href":"https:\/\/www.ecrin.be\/index.php?rest_route=\/wp\/v2\/users\/1"}],"replies":[{"embeddable":true,"href":"https:\/\/www.ecrin.be\/index.php?rest_route=%2Fwp%2Fv2%2Fcomments&post=2778"}],"version-history":[{"count":1,"href":"https:\/\/www.ecrin.be\/index.php?rest_route=\/wp\/v2\/posts\/2778\/revisions"}],"predecessor-version":[{"id":2786,"href":"https:\/\/www.ecrin.be\/index.php?rest_route=\/wp\/v2\/posts\/2778\/revisions\/2786"}],"wp:featuredmedia":[{"embeddable":true,"href":"https:\/\/www.ecrin.be\/index.php?rest_route=\/wp\/v2\/media\/2781"}],"wp:attachment":[{"href":"https:\/\/www.ecrin.be\/index.php?rest_route=%2Fwp%2Fv2%2Fmedia&parent=2778"}],"wp:term":[{"taxonomy":"category","embeddable":true,"href":"https:\/\/www.ecrin.be\/index.php?rest_route=%2Fwp%2Fv2%2Fcategories&post=2778"},{"taxonomy":"post_tag","embeddable":true,"href":"https:\/\/www.ecrin.be\/index.php?rest_route=%2Fwp%2Fv2%2Ftags&post=2778"}],"curies":[{"name":"wp","href":"https:\/\/api.w.org\/{rel}","templated":true}]}}