{"id":2787,"date":"2021-12-13T14:59:19","date_gmt":"2021-12-13T13:59:19","guid":{"rendered":"https:\/\/www.ecrin.be\/?p=2787"},"modified":"2021-12-13T14:59:19","modified_gmt":"2021-12-13T13:59:19","slug":"longchamps-la-balade-des-betteraves","status":"publish","type":"post","link":"https:\/\/www.ecrin.be\/?p=2787","title":{"rendered":"Longchamps &#8211; la balade des betteraves"},"content":{"rendered":"<div class=\"wpb-content-wrapper\"><p>[vc_row][vc_column]<div class=\"dt-title-wrapper\"><h1 class=\"section-title\">Longchamps - la balade des betteraves<\/h1><\/div><h2 class=\"section-tagline\">5,5 kilom\u00e8tres - environ 1h45 (+2,3 kms + 30 min. en option)<\/h2><div style=\"clear:both; width:100%; height:40px\"><\/div>[\/vc_column][\/vc_row][vc_row][vc_column width=\u00a0\u00bb1\/3&Prime;][vc_single_image image=\u00a0\u00bb2793&Prime; img_size=\u00a0\u00bbfull\u00a0\u00bb][\/vc_column][vc_column width=\u00a0\u00bb1\/3&Prime;][vc_column_text]<\/p>\n<h2>Th\u00e8me de la balade<\/h2>\n<p>Le village, qui compte plusieurs industries sans perdre sa vocation agricole, se distingue aussi des autres villages de l\u2019entit\u00e9 d\u2019Eghez\u00e9e par son histoire : au XIVe si\u00e8cle, Longchamps \u00e9tait reconnue terre du duch\u00e9 de Brabant, formant une enclave dans le comt\u00e9 de Namur. L\u2019atlas Ferraris de 1777 montre encore les limites du domaine \u00e0 l\u2019\u00e9poque, rendant Longchamps ind\u00e9pendant des juridictions voisines. Ainsi, la \u00ab\u00a0Terre de Longchamps\u00a0\u00bb \u00e9tait dite \u00ab\u00a0Franche\u00a0\u00bb et les repris de justice du comt\u00e9 voisin y trouvaient refuge. De nombreux mar\u00e9cages, source d\u2019\u00e9pid\u00e9mies, aujourd\u2019hui ass\u00e9ch\u00e9s et\/ou combl\u00e9s, constituaient jadis le d\u00e9cor de la localit\u00e9 que les Romains auraient nomm\u00e9e Longus Campus en y installant un camp militaire. Le village reste cependant une terre tr\u00e8s humide en raison de son sol argileux et limoneux, de la pr\u00e9sence des bassins de d\u00e9cantation de la r\u00e2perie, install\u00e9e \u00e0 Longchamps depuis 1959, et de deux ruisseaux \u2013 le ruisseau de Longchamps et le ruisseau des Basses Praules, qui se rejoignent rue de la Terre Franche pour former la Marka (ou Marca).<\/p>\n<div id=\"ConnectiveDocSignExtentionInstalled\" data-extension-version=\"1.0.4\"><\/div>\n<p>[\/vc_column_text][\/vc_column][vc_column width=\u00a0\u00bb1\/3&Prime;][vc_column_text]<a href=\"https:\/\/www.wordpress.ecrin.be\/wp-content\/uploads\/2021\/12\/fiche-balade-Longchamps-light.pdf\">T\u00e9l\u00e9charger la fiche<\/a><\/p>\n<p>Lien Wikiloc<\/p>\n<div id=\"ConnectiveDocSignExtentionInstalled\" data-extension-version=\"1.0.4\"><\/div>\n<p>[\/vc_column_text][vc_masonry_media_grid element_width=\u00a0\u00bb6&Prime; grid_id=\u00a0\u00bbvc_gid:1639403377243-a2c78d10-e870-8&Prime; include=\u00a0\u00bb2792,2791,2790,2789,2788&Prime;][\/vc_column][\/vc_row]<\/p>\n<\/div>","protected":false},"excerpt":{"rendered":"<p>[vc_row][vc_column][\/vc_column][\/vc_row][vc_row][vc_column width=\u00a0\u00bb1\/3&Prime;][vc_single_image image=\u00a0\u00bb2793&Prime; img_size=\u00a0\u00bbfull\u00a0\u00bb][\/vc_column][vc_column width=\u00a0\u00bb1\/3&Prime;][vc_column_text] Th\u00e8me de la balade Le village, qui compte plusieurs industries sans perdre sa vocation agricole, se distingue aussi des autres&#8230;<\/p>\n<p class=\"readmore\"><a class=\"more-btn\" href=\"https:\/\/www.ecrin.be\/?p=2787\">Read More<\/a><\/p>\n","protected":false},"author":1,"featured_media":2793,"comment_status":"closed","ping_status":"closed","sticky":false,"template":"","format":"standard","meta":{"sfsi_plus_gutenberg_text_before_share":"","sfsi_plus_gutenberg_show_text_before_share":"","sfsi_plus_gutenberg_icon_type":"","sfsi_plus_gutenberg_icon_alignemt":"","sfsi_plus_gutenburg_max_per_row":"","footnotes":""},"categories":[27],"tags":[],"publishpress_future_action":{"enabled":false,"date":"2026-05-06 11:18:38","action":"change-status","newStatus":"draft","terms":[],"taxonomy":"category"},"_links":{"self":[{"href":"https:\/\/www.ecrin.be\/index.php?rest_route=\/wp\/v2\/posts\/2787"}],"collection":[{"href":"https:\/\/www.ecrin.be\/index.php?rest_route=\/wp\/v2\/posts"}],"about":[{"href":"https:\/\/www.ecrin.be\/index.php?rest_route=\/wp\/v2\/types\/post"}],"author":[{"embeddable":true,"href":"https:\/\/www.ecrin.be\/index.php?rest_route=\/wp\/v2\/users\/1"}],"replies":[{"embeddable":true,"href":"https:\/\/www.ecrin.be\/index.php?rest_route=%2Fwp%2Fv2%2Fcomments&post=2787"}],"version-history":[{"count":1,"href":"https:\/\/www.ecrin.be\/index.php?rest_route=\/wp\/v2\/posts\/2787\/revisions"}],"predecessor-version":[{"id":2795,"href":"https:\/\/www.ecrin.be\/index.php?rest_route=\/wp\/v2\/posts\/2787\/revisions\/2795"}],"wp:featuredmedia":[{"embeddable":true,"href":"https:\/\/www.ecrin.be\/index.php?rest_route=\/wp\/v2\/media\/2793"}],"wp:attachment":[{"href":"https:\/\/www.ecrin.be\/index.php?rest_route=%2Fwp%2Fv2%2Fmedia&parent=2787"}],"wp:term":[{"taxonomy":"category","embeddable":true,"href":"https:\/\/www.ecrin.be\/index.php?rest_route=%2Fwp%2Fv2%2Fcategories&post=2787"},{"taxonomy":"post_tag","embeddable":true,"href":"https:\/\/www.ecrin.be\/index.php?rest_route=%2Fwp%2Fv2%2Ftags&post=2787"}],"curies":[{"name":"wp","href":"https:\/\/api.w.org\/{rel}","templated":true}]}}