{"id":2891,"date":"2026-05-15T15:20:00","date_gmt":"2026-05-15T13:20:00","guid":{"rendered":"https:\/\/www.ecrin.be\/?p=2891"},"modified":"2026-04-27T13:20:23","modified_gmt":"2026-04-27T11:20:23","slug":"programme-2022","status":"publish","type":"post","link":"https:\/\/www.ecrin.be\/?p=2891","title":{"rendered":"Programme 2026"},"content":{"rendered":"<div class=\"wpb-content-wrapper\"><p>[vc_row][vc_column]<div class=\"dt-title-wrapper\"><h1 class=\"section-title\">Village aux Artistes, \u00e0 Aische-en-Refail les 16 et 17 mai 2026<\/h1><\/div><h2 class=\"section-tagline\">\u00ab Tissages \u00bb - programme complet<\/h2><div style=\"clear:both; width:100%; height:60px\"><\/div>[vc_column_text css=\u00a0\u00bb\u00a0\u00bb]<\/p>\n<div class=\"wpb_text_column wpb_content_element vc_custom_1710772726698\">\n<div class=\"wpb_wrapper\">\n<p>Village aux Artistes est un festival d\u2019arts plastiques\u00a0 th\u00e9matique bisannuel qui met \u00e0 l\u2019honneur la cr\u00e9ation artistique dans un des villages de l\u2019entit\u00e9 d\u2019Eghez\u00e9e.<\/p>\n<p>Aische-en-Refail est le septi\u00e8me village de l\u2019entit\u00e9 d\u2019Eghez\u00e9e \u00e0 participer \u00e0 la cr\u00e9ation de ce festival.<\/p>\n<p><span style=\"color: #ff0000;\"><em>T\u00c9L\u00c9CHARGEZ ICI LA CARTE DU VILLAGE AUX ARTISTES<\/em> &gt;&gt;<\/span> <a href=\"https:\/\/www.wordpress.ecrin.be\/wp-content\/uploads\/2026\/04\/VaA_Aische_programme.pdf\" target=\"_blank\" rel=\"noopener\">PDF<\/a> ou JPG (<a href=\"https:\/\/www.wordpress.ecrin.be\/wp-content\/uploads\/2026\/04\/VaA_Aische_programme_recto.jpg\" target=\"_blank\" rel=\"noopener\">recto<\/a> et <a href=\"https:\/\/www.wordpress.ecrin.be\/wp-content\/uploads\/2026\/04\/VaA_Aische_programme_verso.jpg\" target=\"_blank\" rel=\"noopener\">verso<\/a>)<\/p>\n<p>Prot\u00e9g\u00e9 par ses chapelles, caress\u00e9 par le Nachau, et nourri par une tradition festive qui anime ses rues, le village d\u2019Aische-en-Refail tisse, depuis toujours, des liens. Des liens de voisinage, de m\u00e9moire, de f\u00eates partag\u00e9es.<\/p>\n<p>Cette ann\u00e9e, le festival s\u2019empare de cette mati\u00e8re vivante \u2014 le tissu social, culturel, artistique \u2014 pour en explorer les pleins et les d\u00e9li\u00e9s.<\/p>\n<p>\u00ab Tissages \u00bb interroge sur ce qui nous relie.<\/p>\n<p>C\u2019est \u00e0 partir de cette th\u00e9matique que prendra forme la 7\u00e8me \u00e9dition du Village aux Artistes, un festival d\u00e9di\u00e9 aux arts plastiques.<\/p>\n<p>Et l\u2019acc\u00e8s est gratuit !<\/p>\n<p>Quant aux artistes, d\u2019ici ou d\u2019ailleurs, ils sont pr\u00eats \u00e0 nous surprendre, nous \u00e9mouvoir, nous \u00e9merveiller.<\/p>\n<p>&nbsp;<\/p>\n<p>Au programme :<\/p>\n<ul>\n<li>Des expositions et des cr\u00e9ations inspir\u00e9es par le th\u00e8me \u00ab Tissages \u00bb que les artistes se sont librement appropri\u00e9es, situ\u00e9es chez les habitants, dans les jardins, le long des chemins\u2026<\/li>\n<li>Plus de 45 artistes et projets collectifs aux disciplines et approches tr\u00e8s diverses : c\u00e9ramiques, sculptures, peintures, photographies, installations\u2026<\/li>\n<li>Des artistes au travail et des animations ludiques,<\/li>\n<li>Des cr\u00e9ations r\u00e9alis\u00e9es par les villageois et par les \u00e9l\u00e8ves de l\u2019\u00e9cole<\/li>\n<li>Des concerts et des animations festives<\/li>\n<li>Des rencontres, des \u00e9changes et de la convivialit\u00e9 !<\/li>\n<\/ul>\n<\/div>\n<\/div>\n<p><span style=\"color: #ff0000;\"><em>T\u00c9L\u00c9CHARGEZ ICI LA CARTE DU VILLAGE AUX ARTISTES<\/em> &gt;&gt;<\/span> <a href=\"https:\/\/www.wordpress.ecrin.be\/wp-content\/uploads\/2026\/04\/VaA_Aische_programme.pdf\" target=\"_blank\" rel=\"noopener\">PDF<\/a> ou JPG (<a href=\"https:\/\/www.wordpress.ecrin.be\/wp-content\/uploads\/2026\/04\/VaA_Aische_programme_recto.jpg\" target=\"_blank\" rel=\"noopener\">recto<\/a> et <a href=\"https:\/\/www.wordpress.ecrin.be\/wp-content\/uploads\/2026\/04\/VaA_Aische_programme_verso.jpg\" target=\"_blank\" rel=\"noopener\">verso<\/a>)<\/p>\n<div id=\"ConnectiveDocSignExtentionInstalled\" data-extension-version=\"1.0.4\"><\/div>\n<p>[\/vc_column_text]<div style=\"clear:both; width:100%; height:50px\"><\/div>[vc_row_inner][vc_column_inner width=\u00a0\u00bb1\/3&Prime; css=\u00a0\u00bb.vc_custom_1557733901287{padding-left: 0px !important;}\u00a0\u00bb][vc_column_text css_animation=\u00a0\u00bbappear\u00a0\u00bb css=\u00a0\u00bb\u00a0\u00bb]<strong><u>Vendredi 15 mai<br \/>\n<\/u><\/strong><\/p>\n<p>Vernissage \u00e0 partir de 19h \u00e0 la salle des Calbassis.<\/p>\n<p>Animation avec l&rsquo;accord\u00e9oniste Serge De Luca.[\/vc_column_text][\/vc_column_inner][vc_column_inner width=\u00a0\u00bb1\/3&Prime; css_animation=\u00a0\u00bbright-to-left\u00a0\u00bb css=\u00a0\u00bb.vc_custom_1557738228862{padding-top: 2px !important;padding-right: 2px !important;padding-bottom: 2px !important;padding-left: 2px !important;}\u00a0\u00bb][vc_column_text css=\u00a0\u00bb\u00a0\u00bb]<strong><u>Samedi 16 mai<\/u><\/strong><\/p>\n<p>De 10h \u00e0 18h : ouverture des expositions &#8211; circuit libre.<\/p>\n<p>Bar et petite restauration sur la Place.<br \/>\nPause douceurs chez CHOKKO<br \/>\nGrimages et ch\u00e2teau gonflable chez Strataj\u2019aime<\/p>\n<p>Atelier de gravure sur Tetrapak \u00e0 10h et \u00e0 14h.<br \/>\nPlaces limit\u00e9es &#8211; participation: 10 \u20ac<br \/>\nAnne-Catherine Deglume: 0479\/39.84.39<br \/>\ninfo@lachambredacote.be<\/p>\n<p>\u00c0 11h: Ap\u00e9ro rythm\u00e9 sur la Place.<\/p>\n<p>De 14h \u00e0 17h30 : atelier Live painting: initiation au graffiti avec Spray art sur la Place de Aische-en-Refail.<\/p>\n<p>\u00c0 14h30 d\u00e9part de la balade guid\u00e9e d\u00e9couverte du petit patrimoine. Rdv Point info.<br \/>\nCe parcours peut aussi se faire de mani\u00e8re autonome avec la fiche d\u00e9di\u00e9e.[\/vc_column_text][\/vc_column_inner][vc_column_inner width=\u00a0\u00bb1\/3&Prime;][vc_column_text css=\u00a0\u00bb\u00a0\u00bb]<strong><u>Dimanche 17 mai<\/u><\/strong><\/p>\n<p>De 10h \u00e0 17h : ouverture des expositions &#8211; circuit libre.<br \/>\nAu bar, le Club des parents vous accueille au profit de l\u2019\u00e9cole de Aische.<br \/>\nPause douceurs chez CHOKKO<br \/>\nGrimages et ch\u00e2teau gonflable chez Strataj\u2019aime<\/p>\n<p>Atelier de gravure sur Tetrapak \u00e0 10h et \u00e0 14h.<br \/>\nPlaces limit\u00e9es &#8211; participation 10\u20ac<br \/>\nAnne-Catherine Deglume: 0479\/39.84.39<br \/>\ninfo@lachambredacote.be<\/p>\n<p>\u00c0 11h d\u00e9part de la balade guid\u00e9e d\u00e9couverte du petit patrimoine. Rdv Point info.<\/p>\n<p>De 14h \u00e0 17h30 : Live painting avec Spray art.<\/p>\n<p>CONCERTS SUR LA PLACE DE AISCHE<br \/>\nDe 11h \u00e0 12h: Groupe Jazz de l\u2019Acad\u00e9mie de musique d\u2019\u00c9ghez\u00e9e.<br \/>\nDe 14h \u00e0 15h: Bal au Centre: au son d\u2019une vielle et d\u2019une cornemuse.<br \/>\nDe 15h30 \u00e0 16h10 et de 16h30 \u00e0 17h10 : Rebelle: chanson fran\u00e7aise.[\/vc_column_text][\/vc_column_inner][\/vc_row_inner][\/vc_column][\/vc_row]<\/p>\n<\/div>","protected":false},"excerpt":{"rendered":"<p>[vc_row][vc_column][vc_column_text css=\u00a0\u00bb\u00a0\u00bb] Village aux Artistes est un festival d\u2019arts plastiques\u00a0 th\u00e9matique bisannuel qui met \u00e0 l\u2019honneur la cr\u00e9ation artistique dans un des villages de l\u2019entit\u00e9&#8230;<\/p>\n<p class=\"readmore\"><a class=\"more-btn\" href=\"https:\/\/www.ecrin.be\/?p=2891\">Read More<\/a><\/p>\n","protected":false},"author":1,"featured_media":5899,"comment_status":"closed","ping_status":"closed","sticky":false,"template":"","format":"standard","meta":{"sfsi_plus_gutenberg_text_before_share":"","sfsi_plus_gutenberg_show_text_before_share":"","sfsi_plus_gutenberg_icon_type":"","sfsi_plus_gutenberg_icon_alignemt":"","sfsi_plus_gutenburg_max_per_row":"","footnotes":""},"categories":[28],"tags":[],"publishpress_future_action":{"enabled":false,"date":"2026-05-06 09:41:11","action":"change-status","newStatus":"draft","terms":[],"taxonomy":"category"},"_links":{"self":[{"href":"https:\/\/www.ecrin.be\/index.php?rest_route=\/wp\/v2\/posts\/2891"}],"collection":[{"href":"https:\/\/www.ecrin.be\/index.php?rest_route=\/wp\/v2\/posts"}],"about":[{"href":"https:\/\/www.ecrin.be\/index.php?rest_route=\/wp\/v2\/types\/post"}],"author":[{"embeddable":true,"href":"https:\/\/www.ecrin.be\/index.php?rest_route=\/wp\/v2\/users\/1"}],"replies":[{"embeddable":true,"href":"https:\/\/www.ecrin.be\/index.php?rest_route=%2Fwp%2Fv2%2Fcomments&post=2891"}],"version-history":[{"count":25,"href":"https:\/\/www.ecrin.be\/index.php?rest_route=\/wp\/v2\/posts\/2891\/revisions"}],"predecessor-version":[{"id":6294,"href":"https:\/\/www.ecrin.be\/index.php?rest_route=\/wp\/v2\/posts\/2891\/revisions\/6294"}],"wp:featuredmedia":[{"embeddable":true,"href":"https:\/\/www.ecrin.be\/index.php?rest_route=\/wp\/v2\/media\/5899"}],"wp:attachment":[{"href":"https:\/\/www.ecrin.be\/index.php?rest_route=%2Fwp%2Fv2%2Fmedia&parent=2891"}],"wp:term":[{"taxonomy":"category","embeddable":true,"href":"https:\/\/www.ecrin.be\/index.php?rest_route=%2Fwp%2Fv2%2Fcategories&post=2891"},{"taxonomy":"post_tag","embeddable":true,"href":"https:\/\/www.ecrin.be\/index.php?rest_route=%2Fwp%2Fv2%2Ftags&post=2891"}],"curies":[{"name":"wp","href":"https:\/\/api.w.org\/{rel}","templated":true}]}}