{"id":2918,"date":"2026-05-15T08:03:31","date_gmt":"2026-05-15T06:03:31","guid":{"rendered":"https:\/\/www.ecrin.be\/?p=2918"},"modified":"2026-04-27T13:23:10","modified_gmt":"2026-04-27T11:23:10","slug":"le-village-aux-artistes-cest-quoi","status":"publish","type":"post","link":"https:\/\/www.ecrin.be\/?p=2918","title":{"rendered":"Le Village aux Artistes, c&rsquo;est quoi ?"},"content":{"rendered":"<div class=\"wpb-content-wrapper\"><p>[vc_row][vc_column]<div class=\"dt-title-wrapper\"><h1 class=\"section-title\">Le Village aux Artistes, c'est quoi ?<\/h1><\/div><div style=\"clear:both; width:100%; height:50px\"><\/div>[vc_column_text css=\u00a0\u00bb.vc_custom_1772788505162{padding-right: 5px !important;padding-left: 5px !important;background-color: #ffffff !important;}\u00a0\u00bb]<strong>Village aux Artistes<\/strong> est un \u00e9v\u00e9nement bisannuel qui met \u00e0 l\u2019honneur la cr\u00e9ation artistique dans un des villages de l\u2019entit\u00e9 d\u2019Eghez\u00e9e. Village aux Artistes, est un projet propos\u00e9 par Ecrin mais construit et d\u00e9velopp\u00e9 en partenariat avec les projets locaux et les habitants du village. Plein de choses sont \u00e0 imaginer autour d\u2019un th\u00e8me choisi ensemble pour pr\u00e9parer, en douceur, pendant un peu plus d\u2019un an le festival du village.<\/p>\n<p>Le Festival est ax\u00e9 sur la <strong>d\u00e9couverte<\/strong> et les <strong>rencontres<\/strong>, il est une invitation \u00e0 <strong>partager<\/strong> ses exp\u00e9riences et sa d\u00e9marche tant avec les habitants et le public qu\u2019avec les autres artistes<\/p>\n<p><strong>Village aux Artistes<\/strong> veut aussi \u00eatre l\u2019occasion d\u2019\u00e9changer sur le travail d\u2019artiste, sur le pourquoi et le comment de la cr\u00e9ation, sur le r\u00f4le de l\u2019art dans notre environnement et dans la soci\u00e9t\u00e9\u2026<\/p>\n<p><strong>Aische-en-refail <\/strong>sera le prochain Village aux artistes, les\u00a0<strong>16 et 17 mai 2026, <\/strong>autour du th\u00e8me<strong> \u00ab\u00a0Tissages\u00a0\u00bb<\/strong>\u00a0!<\/p>\n<p><strong><br \/>\n<\/strong><strong>Aische-en-refail<\/strong><strong>, Village aux Artistes<\/strong>, <strong>u<\/strong><strong>n festival th\u00e9matique d\u00e9di\u00e9 aux arts plastiques<\/strong>, avec\u00a0:<\/p>\n<ul>\n<li>des expositions chez les habitants, dedans et\/ou dehors (dans les maisons, dans les garages ou les \u00e9tables, dans les jardins ou les cours\u2026), de cr\u00e9ations d\u2019artistes d\u2019ici et d\u2019ailleurs,<\/li>\n<li>des exposition(s) collective(s) par des \u00e9coles d\u2019art, des ateliers cr\u00e9atifs\u2026<\/li>\n<li>des d\u00e9monstrations par des artistes,<\/li>\n<li>des projets d\u2019exp\u00e9rimentations cr\u00e9atives par les habitants,<\/li>\n<li>des activit\u00e9s participatives, p\u00e9dagogiques et ludiques,<\/li>\n<li>des animations festives et conviviales.<\/li>\n<\/ul>\n<p>\u2026o\u00f9 <strong>rencontres, \u00e9changes et convivialit\u00e9<\/strong> sont au c\u0153ur de la f\u00eate.<\/p>\n<p>Les artistes ont \u00e9t\u00e9 invit\u00e9s \u00e0 cr\u00e9er sur base d\u2019un th\u00e8me choisi avec les habitants du village, sur base de quelques-unes de ses caract\u00e9ristiques. L\u2019appel aux artistes est disponible en bas de cette page.<\/p>\n<p>Prot\u00e9g\u00e9 par ses chapelles, caress\u00e9 par le Nachau, et nourri par une tradition festive qui anime ses rues, le village d\u2019Aische-en-Refail tisse, depuis toujours, des liens. Des liens de voisinage, de\u00a0m\u00e9moire, de f\u00eates partag\u00e9es.<\/p>\n<p>Cette ann\u00e9e, le festival s\u2019empare de cette mati\u00e8re vivante \u2014 le tissu social, culturel, artistique \u2014 pour en explorer les pleins et les d\u00e9li\u00e9s.<\/p>\n<p>\u00ab\u00a0Tissages\u00a0\u00bb interroge sur ce qui nous relie.<\/p>\n<p>Aux artistes d\u2019en r\u00e9v\u00e9ler les formes qu\u2019elles soient tangibles ou secr\u00e8tes.<\/p>\n<p>Comment un fil peut-il devenir pont ? Comment une simple trame se transforme-t-elle en r\u00e9cit collectif ? Quand le r\u00e9seau se d\u00e9chire, quelles coutures imaginer ?<\/p>\n<p>\u00ab\u00a0Tissages\u00a0\u00bb, c\u2019est\u00a0 aussi des fils qui d\u00e9passent : les erreurs assum\u00e9es, les rencontres improbables qui bouleversent les routines, les techniques hybrides, des savoir-faire d\u00e9tourn\u00e9s par des cr\u00e9ateurs contemporains.<\/p>\n<p>&nbsp;<\/p>\n<p>Cette th\u00e9matique appelle \u00e0 des \u0153uvres qui dialoguent avec l\u2019espace et les gens.<\/p>\n<p>Car \u00ab Tissages \u00bb n\u2019est pas un motif fig\u00e9 : c\u2019est une invitation \u00e0 cr\u00e9er ensemble, \u00e0 superposer les gestes et les id\u00e9es. A laisser, comme le fait le village depuis toujours, les fils individuels composer une \u0153uvre plus grande \u2014 fragile, \u00e9ph\u00e9m\u00e8re, mais r\u00e9solument vivante<\/p>\n<p>Ici, l\u00e0 o\u00f9 le r\u00e9seau vacille, les liens humains se renforcent.<\/p>\n<p>Tirez un fil, suivez la trame, ajoutez-y votre point, ou simplement laissez-vous surprendre.[\/vc_column_text][\/vc_column][\/vc_row][vc_row][vc_column][vc_masonry_media_grid element_width=\u00a0\u00bb2&Prime; css=\u00a0\u00bb\u00a0\u00bb grid_id=\u00a0\u00bbvc_gid:1777282654046-12f4d484-6c12-4&Prime; include=\u00a0\u00bb5954,5902,5953,5952,5951,5950,5949,5948,5947,5946,5945,5944,5943,5941,5939,5938,5936,5935,5933,5931,5930,5929,5928,5927,5926,5925,5924,5923,5922,5921,5920,5919,5918,5917,5916,5915,5914,5913,5912,5911,5910,5909,5908,5907,5906,5905,5904,5903&Prime;][\/vc_column][\/vc_row][vc_row][vc_column][vc_column_text]<\/p>\n<div id=\"ConnectiveDocSignExtentionInstalled\" data-extension-version=\"1.0.4\"><\/div>\n<p>[\/vc_column_text][\/vc_column][\/vc_row]<\/p>\n<\/div>","protected":false},"excerpt":{"rendered":"<p>[vc_row][vc_column][vc_column_text css=\u00a0\u00bb.vc_custom_1772788505162{padding-right: 5px !important;padding-left: 5px !important;background-color: #ffffff !important;}\u00a0\u00bb]Village aux Artistes est un \u00e9v\u00e9nement bisannuel qui met \u00e0 l\u2019honneur la cr\u00e9ation artistique dans un des villages&#8230;<\/p>\n<p class=\"readmore\"><a class=\"more-btn\" href=\"https:\/\/www.ecrin.be\/?p=2918\">Read More<\/a><\/p>\n","protected":false},"author":1,"featured_media":5900,"comment_status":"closed","ping_status":"closed","sticky":false,"template":"","format":"standard","meta":{"sfsi_plus_gutenberg_text_before_share":"","sfsi_plus_gutenberg_show_text_before_share":"","sfsi_plus_gutenberg_icon_type":"","sfsi_plus_gutenberg_icon_alignemt":"","sfsi_plus_gutenburg_max_per_row":"","footnotes":""},"categories":[28],"tags":[],"publishpress_future_action":{"enabled":false,"date":"2026-05-06 07:30:32","action":"change-status","newStatus":"draft","terms":[],"taxonomy":"category"},"_links":{"self":[{"href":"https:\/\/www.ecrin.be\/index.php?rest_route=\/wp\/v2\/posts\/2918"}],"collection":[{"href":"https:\/\/www.ecrin.be\/index.php?rest_route=\/wp\/v2\/posts"}],"about":[{"href":"https:\/\/www.ecrin.be\/index.php?rest_route=\/wp\/v2\/types\/post"}],"author":[{"embeddable":true,"href":"https:\/\/www.ecrin.be\/index.php?rest_route=\/wp\/v2\/users\/1"}],"replies":[{"embeddable":true,"href":"https:\/\/www.ecrin.be\/index.php?rest_route=%2Fwp%2Fv2%2Fcomments&post=2918"}],"version-history":[{"count":12,"href":"https:\/\/www.ecrin.be\/index.php?rest_route=\/wp\/v2\/posts\/2918\/revisions"}],"predecessor-version":[{"id":6295,"href":"https:\/\/www.ecrin.be\/index.php?rest_route=\/wp\/v2\/posts\/2918\/revisions\/6295"}],"wp:featuredmedia":[{"embeddable":true,"href":"https:\/\/www.ecrin.be\/index.php?rest_route=\/wp\/v2\/media\/5900"}],"wp:attachment":[{"href":"https:\/\/www.ecrin.be\/index.php?rest_route=%2Fwp%2Fv2%2Fmedia&parent=2918"}],"wp:term":[{"taxonomy":"category","embeddable":true,"href":"https:\/\/www.ecrin.be\/index.php?rest_route=%2Fwp%2Fv2%2Fcategories&post=2918"},{"taxonomy":"post_tag","embeddable":true,"href":"https:\/\/www.ecrin.be\/index.php?rest_route=%2Fwp%2Fv2%2Ftags&post=2918"}],"curies":[{"name":"wp","href":"https:\/\/api.w.org\/{rel}","templated":true}]}}