{"id":4615,"date":"2024-03-06T11:40:54","date_gmt":"2024-03-06T10:40:54","guid":{"rendered":"https:\/\/www.ecrin.be\/?p=4615"},"modified":"2026-04-02T11:13:24","modified_gmt":"2026-04-02T09:13:24","slug":"benedicte-rossi","status":"publish","type":"post","link":"https:\/\/www.ecrin.be\/?p=4615","title":{"rendered":"B\u00e9n\u00e9dicte Rossi"},"content":{"rendered":"<div class=\"wpb-content-wrapper\"><p>[vc_row][vc_column width=\u00a0\u00bb2\/3&Prime;]<div class=\"dt-title-wrapper\"><h1 class=\"section-title\">B\u00e9n\u00e9dicte Rossi<\/h1><\/div><h2 class=\"section-tagline\">Techniques mixtes - rue du Vieilahaut, 18<\/h2><div style=\"clear:both; width:100%; height:20px\"><\/div>[vc_column_text css=\u00a0\u00bb.vc_custom_1774955757403{padding-right: 5px !important;padding-left: 5px !important;background-color: #ffffff !important;}\u00a0\u00bb]<\/p>\n<div id=\"TheTexte\" class=\"Texte\" lang=\"zxx\">Trames des possibles.<br \/>\nDe m\u00eame qu\u2019une histoire se con\u00e7oit comme une trame de mots, le tissage se raconte gr\u00e2ce \u00e0 sa trame faite d\u2019entrecroisements de fils verticaux et horizontaux.<br \/>\nV\u00e9ritable enchev\u00eatrement de fils, il questionne sur les liens, les chemins qu\u2019ils empruntent, les ponts qu\u2019on leur fait traverser, les choix\u2026<br \/>\nComme un fil de vie compos\u00e9e d\u2019impr\u00e9vus et d\u2019asp\u00e9rit\u00e9s, de spontan\u00e9it\u00e9 et de fortitude, le fil de trame s\u2019interroge<br \/>\nConstellations, amas, rang\u00e9es et dispersions de brins, de perles, de bouts de tissus et de mat\u00e9riaux divers<br \/>\nComme ces pierres empil\u00e9es qui symbolisent l\u2019\u00e9quilibre, la m\u00e9moire et le respect des forces de la nature.<br \/>\nComme des fragments glan\u00e9s et assembl\u00e9s pour devenir uniques.<br \/>\nEt tant\u00f4t suspendues, tant\u00f4t au sol, tant\u00f4t enchev\u00eatr\u00e9es, ces irr\u00e9gularit\u00e9s assum\u00e9es r\u00e9v\u00e8lent ce que les liens ont de plus fragiles, de plus sensibles.<br \/>\nSubtile esth\u00e9tique accidentelle<br \/>\nPo\u00e9sie discr\u00e8te, n\u00e9e de ce que l\u2019histoire a de plus simple et de plus impr\u00e9visible.<br \/>\nPo\u00e9sie farouche, rencontr\u00e9e entre l\u2019abstraction et l\u2019imperfection, la ma\u00eetrise et l\u2019impulsion.<br \/>\nAll\u00e9gorie de la mati\u00e8re<br \/>\n&#8211;<br \/>\nParce que tisser le fil, c\u2019est raconter<br \/>\nRencontre avec soi-m\u00eame<br \/>\n&#8211;<br \/>\nPens\u00e9s comme des tableaux ou de petits objets d\u00e9licats et pr\u00e9cieux, je cr\u00e9e mon propre monde tout en questionnant celui de l\u2019ext\u00e9rieur.<br \/>\nPar la manipulation de ces mat\u00e9riaux textiles, par le temps long qu\u2019ils exigent, j\u2019explore, je raconte la m\u00e9moire, le pass\u00e9, les diff\u00e9rentes \u00e9tapes et passages de la vie, les choix qu\u2019impose toute vie, les renoncements que ces m\u00eames choix impliquent\u2026<br \/>\nJ\u2019interroge l\u2019intime, l\u2019identit\u00e9, l\u2019art populaire mais aussi la vision d\u2019un monde en train de se faire et se d\u00e9faire, soumis \u00e0 des forces politiques, marchandes ou militaires<br \/>\nJe veux c\u00e9l\u00e9brer l\u2019inattendu et l\u2019 \u00ab inintentionnel \u00bb<br \/>\nJe veux traduire cette part d\u2019imparfait et d\u2019al\u00e9atoire<br \/>\nJe choisis de renoncer \u00e0 ma\u00eetriser les objets cr\u00e9\u00e9s, gr\u00e2ce aux techniques que je ne ma\u00eetrise pas totalement.<br \/>\n&#8211;<br \/>\nTisser des liens aux fils de l\u2019intime<br \/>\nRaccommoder le commun<br \/>\nBroder l\u2019amiti\u00e9<br \/>\nFaufiler l\u2019absolu<\/div>\n<p>[\/vc_column_text][\/vc_column][vc_column width=\u00a0\u00bb1\/3&Prime;][vc_single_image image=\u00a0\u00bb6032&Prime; img_size=\u00a0\u00bbfull\u00a0\u00bb css=\u00a0\u00bb\u00a0\u00bb][\/vc_column][\/vc_row][vc_row][vc_column][vc_masonry_media_grid element_width=\u00a0\u00bb3&Prime; css=\u00a0\u00bb\u00a0\u00bb grid_id=\u00a0\u00bbvc_gid:1775121187969-861461d7-4497-6&Prime; include=\u00a0\u00bb6034,6033,6031,6030&Prime;][\/vc_column][\/vc_row]<\/p>\n<\/div>","protected":false},"excerpt":{"rendered":"<p>[vc_row][vc_column width=\u00a0\u00bb2\/3&Prime;][vc_column_text css=\u00a0\u00bb.vc_custom_1774955757403{padding-right: 5px !important;padding-left: 5px !important;background-color: #ffffff !important;}\u00a0\u00bb] Trames des possibles. De m\u00eame qu\u2019une histoire se con\u00e7oit comme une trame de mots, le tissage&#8230;<\/p>\n<p class=\"readmore\"><a class=\"more-btn\" href=\"https:\/\/www.ecrin.be\/?p=4615\">Read More<\/a><\/p>\n","protected":false},"author":1,"featured_media":6032,"comment_status":"closed","ping_status":"closed","sticky":false,"template":"","format":"standard","meta":{"sfsi_plus_gutenberg_text_before_share":"","sfsi_plus_gutenberg_show_text_before_share":"","sfsi_plus_gutenberg_icon_type":"","sfsi_plus_gutenberg_icon_alignemt":"","sfsi_plus_gutenburg_max_per_row":"","footnotes":""},"categories":[29],"tags":[],"publishpress_future_action":{"enabled":false,"date":"2026-05-06 09:52:21","action":"change-status","newStatus":"draft","terms":[],"taxonomy":"category"},"_links":{"self":[{"href":"https:\/\/www.ecrin.be\/index.php?rest_route=\/wp\/v2\/posts\/4615"}],"collection":[{"href":"https:\/\/www.ecrin.be\/index.php?rest_route=\/wp\/v2\/posts"}],"about":[{"href":"https:\/\/www.ecrin.be\/index.php?rest_route=\/wp\/v2\/types\/post"}],"author":[{"embeddable":true,"href":"https:\/\/www.ecrin.be\/index.php?rest_route=\/wp\/v2\/users\/1"}],"replies":[{"embeddable":true,"href":"https:\/\/www.ecrin.be\/index.php?rest_route=%2Fwp%2Fv2%2Fcomments&post=4615"}],"version-history":[{"count":5,"href":"https:\/\/www.ecrin.be\/index.php?rest_route=\/wp\/v2\/posts\/4615\/revisions"}],"predecessor-version":[{"id":6179,"href":"https:\/\/www.ecrin.be\/index.php?rest_route=\/wp\/v2\/posts\/4615\/revisions\/6179"}],"wp:featuredmedia":[{"embeddable":true,"href":"https:\/\/www.ecrin.be\/index.php?rest_route=\/wp\/v2\/media\/6032"}],"wp:attachment":[{"href":"https:\/\/www.ecrin.be\/index.php?rest_route=%2Fwp%2Fv2%2Fmedia&parent=4615"}],"wp:term":[{"taxonomy":"category","embeddable":true,"href":"https:\/\/www.ecrin.be\/index.php?rest_route=%2Fwp%2Fv2%2Fcategories&post=4615"},{"taxonomy":"post_tag","embeddable":true,"href":"https:\/\/www.ecrin.be\/index.php?rest_route=%2Fwp%2Fv2%2Ftags&post=4615"}],"curies":[{"name":"wp","href":"https:\/\/api.w.org\/{rel}","templated":true}]}}