{"id":4675,"date":"2024-04-22T11:00:20","date_gmt":"2024-04-22T09:00:20","guid":{"rendered":"https:\/\/www.ecrin.be\/?p=4675"},"modified":"2026-04-02T11:20:25","modified_gmt":"2026-04-02T09:20:25","slug":"colette-braham","status":"publish","type":"post","link":"https:\/\/www.ecrin.be\/?p=4675","title":{"rendered":"Colette Braham"},"content":{"rendered":"<div class=\"wpb-content-wrapper\"><p>[vc_row][vc_column width=\u00a0\u00bb2\/3&Prime;]<div class=\"dt-title-wrapper\"><h1 class=\"section-title\">Colette Braham<\/h1><\/div><h2 class=\"section-tagline\">Calligraphie - rue de Cons\u00e8le, 18<\/h2><div style=\"clear:both; width:100%; height:20px\"><\/div>[vc_column_text css=\u00a0\u00bb.vc_custom_1713776278203{padding-right: 5px !important;padding-left: 5px !important;background-color: #ffffff !important;}\u00a0\u00bb]<\/p>\n<div id=\"TheTexte\" class=\"Texte\" lang=\"zxx\">\n<p>Je me d\u00e9finis comme \u00ab\u00a0 pratiquante de la calligraphie \u00bb essentiellement latine.<\/p>\n<p>J\u2019aime mettre en sc\u00e8ne un texte ou une citation inspirant dans une composition couleurs principalement \u00e0 la gouache ou \u00e0 l\u2019encre.<\/p>\n<p>J\u2019utilise diff\u00e9rents outils tels que plumes tr\u00e8s diverses, calames, automatics pens, ou encore pinceaux.<\/p>\n<p>La calligraphie ou \u00abart de la belle \u00e9criture\u00bb se d\u00e9cline pour moi de fa\u00e7on tr\u00e8s libre et va du \u00ablisible\u00bb \u00e0 \u00abl\u2019illisible\u00bb en y privil\u00e9giant l\u2019\u00e9motion au formalisme.<\/p>\n<\/div>\n<p>[\/vc_column_text][\/vc_column][vc_column width=\u00a0\u00bb1\/3&Prime;][vc_single_image image=\u00a0\u00bb5924&Prime; img_size=\u00a0\u00bbfull\u00a0\u00bb css=\u00a0\u00bb\u00a0\u00bb][\/vc_column][\/vc_row][vc_row][vc_column][vc_masonry_media_grid element_width=\u00a0\u00bb3&Prime; css=\u00a0\u00bb\u00a0\u00bb grid_id=\u00a0\u00bbvc_gid:1775121604826-1e1c3db6-fb9f-3&Prime; include=\u00a0\u00bb5924,5923&Prime;][\/vc_column][\/vc_row]<\/p>\n<\/div>","protected":false},"excerpt":{"rendered":"<p>[vc_row][vc_column width=\u00a0\u00bb2\/3&Prime;][vc_column_text css=\u00a0\u00bb.vc_custom_1713776278203{padding-right: 5px !important;padding-left: 5px !important;background-color: #ffffff !important;}\u00a0\u00bb] Je me d\u00e9finis comme \u00ab\u00a0 pratiquante de la calligraphie \u00bb essentiellement latine. J\u2019aime mettre en sc\u00e8ne&#8230;<\/p>\n<p class=\"readmore\"><a class=\"more-btn\" href=\"https:\/\/www.ecrin.be\/?p=4675\">Read More<\/a><\/p>\n","protected":false},"author":1,"featured_media":5924,"comment_status":"closed","ping_status":"closed","sticky":false,"template":"","format":"standard","meta":{"sfsi_plus_gutenberg_text_before_share":"","sfsi_plus_gutenberg_show_text_before_share":"","sfsi_plus_gutenberg_icon_type":"","sfsi_plus_gutenberg_icon_alignemt":"","sfsi_plus_gutenburg_max_per_row":"","footnotes":""},"categories":[29],"tags":[],"publishpress_future_action":{"enabled":false,"date":"2026-05-06 09:52:21","action":"change-status","newStatus":"draft","terms":[],"taxonomy":"category"},"_links":{"self":[{"href":"https:\/\/www.ecrin.be\/index.php?rest_route=\/wp\/v2\/posts\/4675"}],"collection":[{"href":"https:\/\/www.ecrin.be\/index.php?rest_route=\/wp\/v2\/posts"}],"about":[{"href":"https:\/\/www.ecrin.be\/index.php?rest_route=\/wp\/v2\/types\/post"}],"author":[{"embeddable":true,"href":"https:\/\/www.ecrin.be\/index.php?rest_route=\/wp\/v2\/users\/1"}],"replies":[{"embeddable":true,"href":"https:\/\/www.ecrin.be\/index.php?rest_route=%2Fwp%2Fv2%2Fcomments&post=4675"}],"version-history":[{"count":4,"href":"https:\/\/www.ecrin.be\/index.php?rest_route=\/wp\/v2\/posts\/4675\/revisions"}],"predecessor-version":[{"id":6191,"href":"https:\/\/www.ecrin.be\/index.php?rest_route=\/wp\/v2\/posts\/4675\/revisions\/6191"}],"wp:featuredmedia":[{"embeddable":true,"href":"https:\/\/www.ecrin.be\/index.php?rest_route=\/wp\/v2\/media\/5924"}],"wp:attachment":[{"href":"https:\/\/www.ecrin.be\/index.php?rest_route=%2Fwp%2Fv2%2Fmedia&parent=4675"}],"wp:term":[{"taxonomy":"category","embeddable":true,"href":"https:\/\/www.ecrin.be\/index.php?rest_route=%2Fwp%2Fv2%2Fcategories&post=4675"},{"taxonomy":"post_tag","embeddable":true,"href":"https:\/\/www.ecrin.be\/index.php?rest_route=%2Fwp%2Fv2%2Ftags&post=4675"}],"curies":[{"name":"wp","href":"https:\/\/api.w.org\/{rel}","templated":true}]}}