{"id":4687,"date":"2024-04-22T11:07:00","date_gmt":"2024-04-22T09:07:00","guid":{"rendered":"https:\/\/www.ecrin.be\/?p=4687"},"modified":"2026-04-02T11:21:27","modified_gmt":"2026-04-02T09:21:27","slug":"diane-tenret","status":"publish","type":"post","link":"https:\/\/www.ecrin.be\/?p=4687","title":{"rendered":"Diane Tenret"},"content":{"rendered":"<div class=\"wpb-content-wrapper\"><p>[vc_row][vc_column width=\u00a0\u00bb2\/3&Prime;]<div class=\"dt-title-wrapper\"><h1 class=\"section-title\">Diane Tenret<\/h1><\/div><h2 class=\"section-tagline\">C\u00e9ramique - rue du Tilleul, 62<\/h2><div style=\"clear:both; width:100%; height:20px\"><\/div>[vc_column_text css=\u00a0\u00bb.vc_custom_1715347480597{padding-right: 5px !important;padding-left: 5px !important;background-color: #ffffff !important;}\u00a0\u00bb]<\/p>\n<div id=\"TheTexte\" class=\"Texte\" lang=\"zxx\">\n<p>Mon travail s\u2019inspire de la Nature, du monde v\u00e9g\u00e9tal et min\u00e9ral. J\u2019essaye de l\u2019interpr\u00e9ter sous toutes ses formes. D\u00e8s lors, l\u2019id\u00e9e de \u00ab r\u00e9cup \u00bb ainsi que l\u2019utilisation de la terre, de la porcelaine et du verre coule de source puisqu\u2019ils proviennent de cette Nature. Ils deviennent cette passerelle entre mes r\u00eaves, mon imaginaire et la r\u00e9alit\u00e9\u2026 comme une danse entre ces deux univers\u2026<\/p>\n<p>L\u2019exploration et la pratique de la c\u00e9ramique ces 20 derni\u00e8res ann\u00e9es m\u2019ont amen\u00e9 \u00e0 d\u00e9velopper la technique\u00a0de la\u00a0<em>porcelaine coul<\/em><em>\u00e9<\/em><em>e \u00e0 <\/em><em>la cuill\u00e8<\/em><em>re\u00a0<\/em>et cr\u00e9er ainsi mes \u00ab\u00a0dentelles v\u00e9g\u00e9tales\u00a0\u00bb.<\/p>\n<\/div>\n<p>[\/vc_column_text][\/vc_column][vc_column width=\u00a0\u00bb1\/3&Prime;][vc_single_image image=\u00a0\u00bb5926&Prime; img_size=\u00a0\u00bbfull\u00a0\u00bb css=\u00a0\u00bb\u00a0\u00bb][\/vc_column][\/vc_row][vc_row][vc_column][vc_masonry_media_grid css=\u00a0\u00bb\u00a0\u00bb grid_id=\u00a0\u00bbvc_gid:1775121667711-4109536d-f90e-5&Prime; include=\u00a0\u00bb5926&Prime;][\/vc_column][\/vc_row]<\/p>\n<\/div>","protected":false},"excerpt":{"rendered":"<p>[vc_row][vc_column width=\u00a0\u00bb2\/3&Prime;][vc_column_text css=\u00a0\u00bb.vc_custom_1715347480597{padding-right: 5px !important;padding-left: 5px !important;background-color: #ffffff !important;}\u00a0\u00bb] Mon travail s\u2019inspire de la Nature, du monde v\u00e9g\u00e9tal et min\u00e9ral. J\u2019essaye de l\u2019interpr\u00e9ter sous toutes&#8230;<\/p>\n<p class=\"readmore\"><a class=\"more-btn\" href=\"https:\/\/www.ecrin.be\/?p=4687\">Read More<\/a><\/p>\n","protected":false},"author":1,"featured_media":5926,"comment_status":"closed","ping_status":"closed","sticky":false,"template":"","format":"standard","meta":{"sfsi_plus_gutenberg_text_before_share":"","sfsi_plus_gutenberg_show_text_before_share":"","sfsi_plus_gutenberg_icon_type":"","sfsi_plus_gutenberg_icon_alignemt":"","sfsi_plus_gutenburg_max_per_row":"","footnotes":""},"categories":[29],"tags":[],"publishpress_future_action":{"enabled":false,"date":"2026-05-06 09:54:31","action":"change-status","newStatus":"draft","terms":[],"taxonomy":"category"},"_links":{"self":[{"href":"https:\/\/www.ecrin.be\/index.php?rest_route=\/wp\/v2\/posts\/4687"}],"collection":[{"href":"https:\/\/www.ecrin.be\/index.php?rest_route=\/wp\/v2\/posts"}],"about":[{"href":"https:\/\/www.ecrin.be\/index.php?rest_route=\/wp\/v2\/types\/post"}],"author":[{"embeddable":true,"href":"https:\/\/www.ecrin.be\/index.php?rest_route=\/wp\/v2\/users\/1"}],"replies":[{"embeddable":true,"href":"https:\/\/www.ecrin.be\/index.php?rest_route=%2Fwp%2Fv2%2Fcomments&post=4687"}],"version-history":[{"count":6,"href":"https:\/\/www.ecrin.be\/index.php?rest_route=\/wp\/v2\/posts\/4687\/revisions"}],"predecessor-version":[{"id":6193,"href":"https:\/\/www.ecrin.be\/index.php?rest_route=\/wp\/v2\/posts\/4687\/revisions\/6193"}],"wp:featuredmedia":[{"embeddable":true,"href":"https:\/\/www.ecrin.be\/index.php?rest_route=\/wp\/v2\/media\/5926"}],"wp:attachment":[{"href":"https:\/\/www.ecrin.be\/index.php?rest_route=%2Fwp%2Fv2%2Fmedia&parent=4687"}],"wp:term":[{"taxonomy":"category","embeddable":true,"href":"https:\/\/www.ecrin.be\/index.php?rest_route=%2Fwp%2Fv2%2Fcategories&post=4687"},{"taxonomy":"post_tag","embeddable":true,"href":"https:\/\/www.ecrin.be\/index.php?rest_route=%2Fwp%2Fv2%2Ftags&post=4687"}],"curies":[{"name":"wp","href":"https:\/\/api.w.org\/{rel}","templated":true}]}}