{"id":6020,"date":"2024-03-06T11:37:14","date_gmt":"2024-03-06T10:37:14","guid":{"rendered":"https:\/\/www.ecrin.be\/?p=6020"},"modified":"2026-04-02T11:12:04","modified_gmt":"2026-04-02T09:12:04","slug":"anne-pirard","status":"publish","type":"post","link":"https:\/\/www.ecrin.be\/?p=6020","title":{"rendered":"Anne Pirard"},"content":{"rendered":"<div class=\"wpb-content-wrapper\"><p>[vc_row][vc_column width=\u00a0\u00bb2\/3&Prime;]<div class=\"dt-title-wrapper\"><h1 class=\"section-title\">Anne Pirard<\/h1><\/div><h2 class=\"section-tagline\">Aquarelle - route de Perwez, 147<\/h2><div style=\"clear:both; width:100%; height:20px\"><\/div>[vc_column_text css=\u00a0\u00bb.vc_custom_1774954940918{padding-right: 5px !important;padding-left: 5px !important;background-color: #ffffff !important;}\u00a0\u00bb]<\/p>\n<div id=\"TheTexte\" class=\"Texte\" lang=\"zxx\">Je suis Anne et je peins des aquarelles depuis plus de 20 ans, mais tr\u00e8s \u00e9pisodiquement (emploi du temps bien rempli, maman de 3 enfants), ma fille Mariane (15 ans) est tr\u00e8s artistique et s\u2019est lanc\u00e9e dans la couture. Elle r\u00e9alise de magnifiques objets en tissus (trousse de toilettes, cotons d\u00e9maquillants, petits paniers pour les produits, essuies de vaisselle,\u2026). Je souhaitais exposer avec elle dans notre maison d\u2019Aische, pour le village aux artistes d\u2019Aische, et cela pour renforcer notre lien et qu\u2019elle puisse partager sa passion avec d\u2019autres personnes et s\u2019ouvrir au monde \u00e0 travers ce qu\u2019elle aime.<\/div>\n<p>[\/vc_column_text][\/vc_column][vc_column width=\u00a0\u00bb1\/3&Prime;][vc_single_image image=\u00a0\u00bb6021&Prime; img_size=\u00a0\u00bbfull\u00a0\u00bb css=\u00a0\u00bb\u00a0\u00bb][\/vc_column][\/vc_row][vc_row][vc_column][vc_masonry_media_grid element_width=\u00a0\u00bb3&Prime; css=\u00a0\u00bb\u00a0\u00bb grid_id=\u00a0\u00bbvc_gid:1775121103224-e51d63bd-2a4c-7&Prime;][\/vc_column][\/vc_row]<\/p>\n<\/div>","protected":false},"excerpt":{"rendered":"<p>[vc_row][vc_column width=\u00a0\u00bb2\/3&Prime;][vc_column_text css=\u00a0\u00bb.vc_custom_1774954940918{padding-right: 5px !important;padding-left: 5px !important;background-color: #ffffff !important;}\u00a0\u00bb] Je suis Anne et je peins des aquarelles depuis plus de 20 ans, mais tr\u00e8s \u00e9pisodiquement&#8230;<\/p>\n<p class=\"readmore\"><a class=\"more-btn\" href=\"https:\/\/www.ecrin.be\/?p=6020\">Read More<\/a><\/p>\n","protected":false},"author":1,"featured_media":6021,"comment_status":"closed","ping_status":"closed","sticky":false,"template":"","format":"standard","meta":{"sfsi_plus_gutenberg_text_before_share":"","sfsi_plus_gutenberg_show_text_before_share":"","sfsi_plus_gutenberg_icon_type":"","sfsi_plus_gutenberg_icon_alignemt":"","sfsi_plus_gutenburg_max_per_row":"","footnotes":""},"categories":[29],"tags":[],"publishpress_future_action":{"enabled":false,"date":"2026-05-06 09:31:25","action":"change-status","newStatus":"draft","terms":[],"taxonomy":"category"},"_links":{"self":[{"href":"https:\/\/www.ecrin.be\/index.php?rest_route=\/wp\/v2\/posts\/6020"}],"collection":[{"href":"https:\/\/www.ecrin.be\/index.php?rest_route=\/wp\/v2\/posts"}],"about":[{"href":"https:\/\/www.ecrin.be\/index.php?rest_route=\/wp\/v2\/types\/post"}],"author":[{"embeddable":true,"href":"https:\/\/www.ecrin.be\/index.php?rest_route=\/wp\/v2\/users\/1"}],"replies":[{"embeddable":true,"href":"https:\/\/www.ecrin.be\/index.php?rest_route=%2Fwp%2Fv2%2Fcomments&post=6020"}],"version-history":[{"count":3,"href":"https:\/\/www.ecrin.be\/index.php?rest_route=\/wp\/v2\/posts\/6020\/revisions"}],"predecessor-version":[{"id":6174,"href":"https:\/\/www.ecrin.be\/index.php?rest_route=\/wp\/v2\/posts\/6020\/revisions\/6174"}],"wp:featuredmedia":[{"embeddable":true,"href":"https:\/\/www.ecrin.be\/index.php?rest_route=\/wp\/v2\/media\/6021"}],"wp:attachment":[{"href":"https:\/\/www.ecrin.be\/index.php?rest_route=%2Fwp%2Fv2%2Fmedia&parent=6020"}],"wp:term":[{"taxonomy":"category","embeddable":true,"href":"https:\/\/www.ecrin.be\/index.php?rest_route=%2Fwp%2Fv2%2Fcategories&post=6020"},{"taxonomy":"post_tag","embeddable":true,"href":"https:\/\/www.ecrin.be\/index.php?rest_route=%2Fwp%2Fv2%2Ftags&post=6020"}],"curies":[{"name":"wp","href":"https:\/\/api.w.org\/{rel}","templated":true}]}}