{"id":6076,"date":"2024-04-22T11:10:58","date_gmt":"2024-04-22T09:10:58","guid":{"rendered":"https:\/\/www.ecrin.be\/?p=6076"},"modified":"2026-04-02T11:23:42","modified_gmt":"2026-04-02T09:23:42","slug":"emmanuelle-vandenhaute","status":"publish","type":"post","link":"https:\/\/www.ecrin.be\/?p=6076","title":{"rendered":"Emmanuelle Vandenhaute"},"content":{"rendered":"<div class=\"wpb-content-wrapper\"><p>[vc_row][vc_column width=\u00a0\u00bb2\/3&Prime;]<div class=\"dt-title-wrapper\"><h1 class=\"section-title\">Emmanuelle Vandenhaute<\/h1><\/div><h2 class=\"section-tagline\">C\u00e9ramique - route de Gembloux, 302<\/h2><div style=\"clear:both; width:100%; height:20px\"><\/div>[vc_column_text css=\u00a0\u00bb.vc_custom_1774959016081{padding-right: 5px !important;padding-left: 5px !important;background-color: #ffffff !important;}\u00a0\u00bb]<\/p>\n<div id=\"TheTexte\" class=\"Texte\" lang=\"zxx\">L\u2019installation se compose d\u2019une cinquantaine d\u2019oiseaux en c\u00e9ramique, dispos\u00e9s comme des perles sur les fils d\u2019un m\u00e9tier \u00e0 tisser.<\/div>\n<div class=\"Texte\" lang=\"zxx\">Les oiseaux reposent sur des barres \u00e0 b\u00e9ton ancr\u00e9es dans le sol. L\u2019ensemble dessine la silhouette d\u2019un oiseau pr\u00eat \u00e0 s\u2019envoler.<br \/>\nCette cr\u00e9ation s\u2019inspire d\u2019une proph\u00e9tie am\u00e9rindienne annon\u00e7ant le retour de la paix et de l\u2019harmonie dans le monde.<\/div>\n<p>[\/vc_column_text][\/vc_column][vc_column width=\u00a0\u00bb1\/3&Prime;][vc_single_image image=\u00a0\u00bb6077&Prime; img_size=\u00a0\u00bbfull\u00a0\u00bb css=\u00a0\u00bb\u00a0\u00bb][\/vc_column][\/vc_row]<\/p>\n<\/div>","protected":false},"excerpt":{"rendered":"<p>[vc_row][vc_column width=\u00a0\u00bb2\/3&Prime;][vc_column_text css=\u00a0\u00bb.vc_custom_1774959016081{padding-right: 5px !important;padding-left: 5px !important;background-color: #ffffff !important;}\u00a0\u00bb] L\u2019installation se compose d\u2019une cinquantaine d\u2019oiseaux en c\u00e9ramique, dispos\u00e9s comme des perles sur les fils d\u2019un&#8230;<\/p>\n<p class=\"readmore\"><a class=\"more-btn\" href=\"https:\/\/www.ecrin.be\/?p=6076\">Read More<\/a><\/p>\n","protected":false},"author":1,"featured_media":6077,"comment_status":"closed","ping_status":"closed","sticky":false,"template":"","format":"standard","meta":{"sfsi_plus_gutenberg_text_before_share":"","sfsi_plus_gutenberg_show_text_before_share":"","sfsi_plus_gutenberg_icon_type":"","sfsi_plus_gutenberg_icon_alignemt":"","sfsi_plus_gutenburg_max_per_row":"","footnotes":""},"categories":[29],"tags":[],"publishpress_future_action":{"enabled":false,"date":"2026-05-06 09:30:25","action":"change-status","newStatus":"draft","terms":[],"taxonomy":"category"},"_links":{"self":[{"href":"https:\/\/www.ecrin.be\/index.php?rest_route=\/wp\/v2\/posts\/6076"}],"collection":[{"href":"https:\/\/www.ecrin.be\/index.php?rest_route=\/wp\/v2\/posts"}],"about":[{"href":"https:\/\/www.ecrin.be\/index.php?rest_route=\/wp\/v2\/types\/post"}],"author":[{"embeddable":true,"href":"https:\/\/www.ecrin.be\/index.php?rest_route=\/wp\/v2\/users\/1"}],"replies":[{"embeddable":true,"href":"https:\/\/www.ecrin.be\/index.php?rest_route=%2Fwp%2Fv2%2Fcomments&post=6076"}],"version-history":[{"count":3,"href":"https:\/\/www.ecrin.be\/index.php?rest_route=\/wp\/v2\/posts\/6076\/revisions"}],"predecessor-version":[{"id":6197,"href":"https:\/\/www.ecrin.be\/index.php?rest_route=\/wp\/v2\/posts\/6076\/revisions\/6197"}],"wp:featuredmedia":[{"embeddable":true,"href":"https:\/\/www.ecrin.be\/index.php?rest_route=\/wp\/v2\/media\/6077"}],"wp:attachment":[{"href":"https:\/\/www.ecrin.be\/index.php?rest_route=%2Fwp%2Fv2%2Fmedia&parent=6076"}],"wp:term":[{"taxonomy":"category","embeddable":true,"href":"https:\/\/www.ecrin.be\/index.php?rest_route=%2Fwp%2Fv2%2Fcategories&post=6076"},{"taxonomy":"post_tag","embeddable":true,"href":"https:\/\/www.ecrin.be\/index.php?rest_route=%2Fwp%2Fv2%2Ftags&post=6076"}],"curies":[{"name":"wp","href":"https:\/\/api.w.org\/{rel}","templated":true}]}}