{"id":6123,"date":"2024-04-22T12:02:17","date_gmt":"2024-04-22T10:02:17","guid":{"rendered":"https:\/\/www.ecrin.be\/?p=6123"},"modified":"2026-04-21T15:31:20","modified_gmt":"2026-04-21T13:31:20","slug":"marie-claire-thirion-flesch","status":"publish","type":"post","link":"https:\/\/www.ecrin.be\/?p=6123","title":{"rendered":"Marie-Claire Thirion Flesch"},"content":{"rendered":"<div class=\"wpb-content-wrapper\"><p>[vc_row][vc_column width=\u00a0\u00bb2\/3&Prime;]<div class=\"dt-title-wrapper\"><h1 class=\"section-title\">Marie-Claire Thirion Flesch<\/h1><\/div><h2 class=\"section-tagline\">Peinture - rue du Vieilahaut, 38<\/h2><div style=\"clear:both; width:100%; height:20px\"><\/div>[vc_column_text css=\u00a0\u00bb.vc_custom_1774966389375{padding-right: 5px !important;padding-left: 5px !important;background-color: #ffffff !important;}\u00a0\u00bb]<\/p>\n<div id=\"TheTexte\" class=\"Texte\" lang=\"zxx\">\n<p><strong><em>Mon village, mes racines<\/em><\/strong>.<\/p>\n<p><strong>Tableaux r\u00e9alis\u00e9s par mon p\u00e8re,\u00a0 <\/strong><strong>Jean Flesch peintre et po\u00e8te wallon 1908-2008<\/strong><\/p>\n<p>A travers son oeuvre vous retrouverez le lieux de son enfance, auquel il consacra sa passion et son identit\u00e9 wallonne.<\/p>\n<\/div>\n<p>[\/vc_column_text][\/vc_column][vc_column width=\u00a0\u00bb1\/3&Prime;][vc_single_image image=\u00a0\u00bb6125&Prime; img_size=\u00a0\u00bbfull\u00a0\u00bb css=\u00a0\u00bb\u00a0\u00bb][\/vc_column][\/vc_row][vc_row][vc_column][vc_masonry_media_grid element_width=\u00a0\u00bb6&Prime; css=\u00a0\u00bb\u00a0\u00bb grid_id=\u00a0\u00bbvc_gid:1776778269323-6222e271-5fa0-4&Prime; include=\u00a0\u00bb6125,6124&Prime;][\/vc_column][\/vc_row]<\/p>\n<\/div>","protected":false},"excerpt":{"rendered":"<p>[vc_row][vc_column width=\u00a0\u00bb2\/3&Prime;][vc_column_text css=\u00a0\u00bb.vc_custom_1774966389375{padding-right: 5px !important;padding-left: 5px !important;background-color: #ffffff !important;}\u00a0\u00bb] Mon village, mes racines. Tableaux r\u00e9alis\u00e9s par mon p\u00e8re,\u00a0 Jean Flesch peintre et po\u00e8te wallon 1908-2008&#8230;<\/p>\n<p class=\"readmore\"><a class=\"more-btn\" href=\"https:\/\/www.ecrin.be\/?p=6123\">Read More<\/a><\/p>\n","protected":false},"author":1,"featured_media":6125,"comment_status":"closed","ping_status":"closed","sticky":false,"template":"","format":"standard","meta":{"sfsi_plus_gutenberg_text_before_share":"","sfsi_plus_gutenberg_show_text_before_share":"","sfsi_plus_gutenberg_icon_type":"","sfsi_plus_gutenberg_icon_alignemt":"","sfsi_plus_gutenburg_max_per_row":"","footnotes":""},"categories":[29],"tags":[],"publishpress_future_action":{"enabled":false,"date":"2026-05-06 09:49:22","action":"change-status","newStatus":"draft","terms":[],"taxonomy":"category"},"_links":{"self":[{"href":"https:\/\/www.ecrin.be\/index.php?rest_route=\/wp\/v2\/posts\/6123"}],"collection":[{"href":"https:\/\/www.ecrin.be\/index.php?rest_route=\/wp\/v2\/posts"}],"about":[{"href":"https:\/\/www.ecrin.be\/index.php?rest_route=\/wp\/v2\/types\/post"}],"author":[{"embeddable":true,"href":"https:\/\/www.ecrin.be\/index.php?rest_route=\/wp\/v2\/users\/1"}],"replies":[{"embeddable":true,"href":"https:\/\/www.ecrin.be\/index.php?rest_route=%2Fwp%2Fv2%2Fcomments&post=6123"}],"version-history":[{"count":4,"href":"https:\/\/www.ecrin.be\/index.php?rest_route=\/wp\/v2\/posts\/6123\/revisions"}],"predecessor-version":[{"id":6257,"href":"https:\/\/www.ecrin.be\/index.php?rest_route=\/wp\/v2\/posts\/6123\/revisions\/6257"}],"wp:featuredmedia":[{"embeddable":true,"href":"https:\/\/www.ecrin.be\/index.php?rest_route=\/wp\/v2\/media\/6125"}],"wp:attachment":[{"href":"https:\/\/www.ecrin.be\/index.php?rest_route=%2Fwp%2Fv2%2Fmedia&parent=6123"}],"wp:term":[{"taxonomy":"category","embeddable":true,"href":"https:\/\/www.ecrin.be\/index.php?rest_route=%2Fwp%2Fv2%2Fcategories&post=6123"},{"taxonomy":"post_tag","embeddable":true,"href":"https:\/\/www.ecrin.be\/index.php?rest_route=%2Fwp%2Fv2%2Ftags&post=6123"}],"curies":[{"name":"wp","href":"https:\/\/api.w.org\/{rel}","templated":true}]}}