{"id":6297,"date":"2026-04-27T12:06:17","date_gmt":"2026-04-27T10:06:17","guid":{"rendered":"https:\/\/www.ecrin.be\/?p=6297"},"modified":"2026-04-28T11:50:22","modified_gmt":"2026-04-28T09:50:22","slug":"nicolas-da-silva-lucas-2","status":"publish","type":"post","link":"https:\/\/www.ecrin.be\/?p=6297","title":{"rendered":"Lara Denil"},"content":{"rendered":"<div class=\"wpb-content-wrapper\"><p>[vc_row][vc_column width=\u00a0\u00bb2\/3&Prime;]<div class=\"dt-title-wrapper\"><h1 class=\"section-title\">Lara Denil<\/h1><\/div><h2 class=\"section-tagline\">Photographie - rue du Cimeti\u00e8re<\/h2><div style=\"clear:both; width:100%; height:20px\"><\/div>[vc_column_text css=\u00a0\u00bb.vc_custom_1776937244679{padding-right: 5px !important;padding-left: 5px !important;background-color: #ffffff !important;}\u00a0\u00bb]<\/p>\n<div id=\"TheTexte\" class=\"Texte\" lang=\"zxx\">\n<p><b>Rat des <span class=\"gmail_default\">V<\/span>illes\u00a0<span class=\"gmail_default\">&amp;<\/span>\u00a0<span class=\"gmail_default\">R<\/span>at des <span class=\"gmail_default\">C<\/span>hamps<br \/>\n<\/b>Fragments photographiques d\u2019un quotidien suspendu entre le rythme apais\u00e9 des horizons champ\u00eatres et le souffle ressour\u00e7ant de la vie urbaine.<\/p>\n<\/div>\n<p>[\/vc_column_text][\/vc_column][vc_column width=\u00a0\u00bb1\/3&Prime;][vc_single_image image=\u00a0\u00bb6351&Prime; css=\u00a0\u00bb\u00a0\u00bb][\/vc_column][\/vc_row][vc_row][vc_column][vc_masonry_media_grid css=\u00a0\u00bb\u00a0\u00bb grid_id=\u00a0\u00bbvc_gid:1777369724208-16003c1d-25d1-3&Prime; include=\u00a0\u00bb6299,6298&Prime;][vc_column_text css=\u00a0\u00bb\u00a0\u00bb]<\/p>\n<p>[\/vc_column_text][\/vc_column][\/vc_row]<\/p>\n<\/div>","protected":false},"excerpt":{"rendered":"<p>[vc_row][vc_column width=\u00a0\u00bb2\/3&Prime;][vc_column_text css=\u00a0\u00bb.vc_custom_1776937244679{padding-right: 5px !important;padding-left: 5px !important;background-color: #ffffff !important;}\u00a0\u00bb] Rat des Villes\u00a0&amp;\u00a0Rat des Champs Fragments photographiques d\u2019un quotidien suspendu entre le rythme apais\u00e9 des horizons&#8230;<\/p>\n<p class=\"readmore\"><a class=\"more-btn\" href=\"https:\/\/www.ecrin.be\/?p=6297\">Read More<\/a><\/p>\n","protected":false},"author":1,"featured_media":6299,"comment_status":"closed","ping_status":"open","sticky":false,"template":"","format":"standard","meta":{"sfsi_plus_gutenberg_text_before_share":"","sfsi_plus_gutenberg_show_text_before_share":"","sfsi_plus_gutenberg_icon_type":"","sfsi_plus_gutenberg_icon_alignemt":"","sfsi_plus_gutenburg_max_per_row":"","footnotes":""},"categories":[29],"tags":[],"publishpress_future_action":{"enabled":false,"date":"2026-05-06 09:32:05","action":"change-status","newStatus":"draft","terms":[],"taxonomy":"category"},"_links":{"self":[{"href":"https:\/\/www.ecrin.be\/index.php?rest_route=\/wp\/v2\/posts\/6297"}],"collection":[{"href":"https:\/\/www.ecrin.be\/index.php?rest_route=\/wp\/v2\/posts"}],"about":[{"href":"https:\/\/www.ecrin.be\/index.php?rest_route=\/wp\/v2\/types\/post"}],"author":[{"embeddable":true,"href":"https:\/\/www.ecrin.be\/index.php?rest_route=\/wp\/v2\/users\/1"}],"replies":[{"embeddable":true,"href":"https:\/\/www.ecrin.be\/index.php?rest_route=%2Fwp%2Fv2%2Fcomments&post=6297"}],"version-history":[{"count":9,"href":"https:\/\/www.ecrin.be\/index.php?rest_route=\/wp\/v2\/posts\/6297\/revisions"}],"predecessor-version":[{"id":6352,"href":"https:\/\/www.ecrin.be\/index.php?rest_route=\/wp\/v2\/posts\/6297\/revisions\/6352"}],"wp:featuredmedia":[{"embeddable":true,"href":"https:\/\/www.ecrin.be\/index.php?rest_route=\/wp\/v2\/media\/6299"}],"wp:attachment":[{"href":"https:\/\/www.ecrin.be\/index.php?rest_route=%2Fwp%2Fv2%2Fmedia&parent=6297"}],"wp:term":[{"taxonomy":"category","embeddable":true,"href":"https:\/\/www.ecrin.be\/index.php?rest_route=%2Fwp%2Fv2%2Fcategories&post=6297"},{"taxonomy":"post_tag","embeddable":true,"href":"https:\/\/www.ecrin.be\/index.php?rest_route=%2Fwp%2Fv2%2Ftags&post=6297"}],"curies":[{"name":"wp","href":"https:\/\/api.w.org\/{rel}","templated":true}]}}