{"id":6330,"date":"2026-05-16T15:13:02","date_gmt":"2026-05-16T13:13:02","guid":{"rendered":"https:\/\/www.ecrin.be\/?p=6330"},"modified":"2026-04-27T15:23:14","modified_gmt":"2026-04-27T13:23:14","slug":"programme-2022-2","status":"publish","type":"post","link":"https:\/\/www.ecrin.be\/?p=6330","title":{"rendered":"atelier kitchen gravure (gravure sur Tetra pak)"},"content":{"rendered":"<div class=\"wpb-content-wrapper\"><p>[vc_row][vc_column]<div class=\"dt-title-wrapper\"><h1 class=\"section-title\">Kitchen gravure, les 16 et 17 mai<\/h1><\/div><h2 class=\"section-tagline\">atelier d\u00e9couverte de la gravure sur Tetra Pak<\/h2><div style=\"clear:both; width:100%; height:60px\"><\/div>[vc_column_text css=\u00a0\u00bb\u00a0\u00bb]<\/p>\n<p>Graver sur Tetra Pak, c\u2019est simple. Il vous suffit de peu de chose pour cr\u00e9er de\u00a0 jolies gravures. Nous apporterons tout le n\u00e9cessaire et vous repartirez avec vos \u0153uvres du jour.<\/p>\n<div class=\"wpb_text_column wpb_content_element vc_custom_1710772726698\">\n<div class=\"wpb_wrapper\">\n<p style=\"font-weight: 400;\">Il n\u2019est pas indispensable de savoir bien dessiner pour graver, nous apporterons aussi de nombreuses images que vous pourrez utiliser.<\/p>\n<p style=\"font-weight: 400;\"><u>Qu\u2019est ce que la Kitchen Gravure\u00a0?<\/u><\/p>\n<p style=\"font-weight: 400;\">Le principe est de graver une image, sur un support (bois ou m\u00e9tal), qui sera ensuite encr\u00e9e et imprim\u00e9e sur un papier ad\u00e9quat.<\/p>\n<p style=\"font-weight: 400;\">Dans cet atelier vous graverez, \u00e0 la pointe s\u00e8che (l\u2019outil), sur le c\u00f4t\u00e9 m\u00e9tallis\u00e9 du tetra pak. Vous savez, ce sont ces cartons d\u2019emballage de lait ou d\u2019autres liquides que vous mettez toujours \u00e0 la poubelle.<\/p>\n<p style=\"font-weight: 400;\">Et l\u2019outil indispensable pour l\u2019impression, vous l\u2019avez peut-\u00eatre dans votre cuisine\u2026une machine \u00e0 p\u00e2tes. Oui, oui, c\u2019est gr\u00e2ce \u00e0 elle que l\u2019encre sera parfaitement en place sur votre papier.<\/p>\n<p style=\"font-weight: 400;\">Nous vous invitons \u00e0 ce moment de plaisir et de partage en toute simplicit\u00e9.<\/p>\n<p style=\"font-weight: 400;\">Anne-Catherine et Mich\u00e8le vous guideront pour cet atelier.<\/p>\n<p>Dur\u00e9e environ 2h30<\/p>\n<p>Participation de 10\u20ac<\/p>\n<p>Public : tout public, enfants minimum 10 ans accompagn\u00e9s<\/p>\n<div>Rien \u00e0 apporter, tout est pr\u00e9vu<\/div>\n<div>Maximum 8 participants par atelier<\/div>\n<div>Samedi et dimanche \u00e0 10h et 14h<\/div>\n<\/div>\n<\/div>\n<div><\/div>\n<p><img loading=\"lazy\" decoding=\"async\" class=\"alignnone wp-image-6328\" src=\"https:\/\/www.wordpress.ecrin.be\/wp-content\/uploads\/2026\/04\/image-1.png\" alt=\"\" width=\"348\" height=\"206\" srcset=\"https:\/\/www.wordpress.ecrin.be\/wp-content\/uploads\/2026\/04\/image-1.png 1921w, https:\/\/www.wordpress.ecrin.be\/wp-content\/uploads\/2026\/04\/image-1-300x177.png 300w, https:\/\/www.wordpress.ecrin.be\/wp-content\/uploads\/2026\/04\/image-1-1024x604.png 1024w, https:\/\/www.wordpress.ecrin.be\/wp-content\/uploads\/2026\/04\/image-1-768x453.png 768w, https:\/\/www.wordpress.ecrin.be\/wp-content\/uploads\/2026\/04\/image-1-1536x907.png 1536w, https:\/\/www.wordpress.ecrin.be\/wp-content\/uploads\/2026\/04\/image-1-780x460.png 780w, https:\/\/www.wordpress.ecrin.be\/wp-content\/uploads\/2026\/04\/image-1-1120x661.png 1120w\" sizes=\"(max-width: 348px) 100vw, 348px\" \/><\/p>\n<p><img loading=\"lazy\" decoding=\"async\" class=\"alignnone wp-image-6327 size-full\" src=\"https:\/\/www.wordpress.ecrin.be\/wp-content\/uploads\/2026\/04\/c.jpg\" alt=\"\" width=\"225\" height=\"225\" srcset=\"https:\/\/www.wordpress.ecrin.be\/wp-content\/uploads\/2026\/04\/c.jpg 225w, https:\/\/www.wordpress.ecrin.be\/wp-content\/uploads\/2026\/04\/c-150x150.jpg 150w\" sizes=\"(max-width: 225px) 100vw, 225px\" \/><\/p>\n<p><img loading=\"lazy\" decoding=\"async\" class=\"alignnone size-full wp-image-6326\" src=\"https:\/\/www.wordpress.ecrin.be\/wp-content\/uploads\/2026\/04\/b-1.jpg\" alt=\"\" width=\"256\" height=\"248\" \/><\/p>\n<p><img loading=\"lazy\" decoding=\"async\" class=\"alignnone size-full wp-image-6323\" src=\"https:\/\/www.wordpress.ecrin.be\/wp-content\/uploads\/2026\/04\/image.jpeg\" alt=\"\" width=\"150\" height=\"150\" \/><\/p>\n<p>&nbsp;<\/p>\n<p>&nbsp;<\/p>\n<p>&nbsp;<\/p>\n<p>[\/vc_column_text]<div style=\"clear:both; width:100%; height:50px\"><\/div>[vc_row_inner][vc_column_inner width=\u00a0\u00bb1\/3&Prime; css=\u00a0\u00bb.vc_custom_1557733901287{padding-left: 0px !important;}\u00a0\u00bb][vc_column_text css_animation=\u00a0\u00bbappear\u00a0\u00bb css=\u00a0\u00bb\u00a0\u00bb][\/vc_column_text][\/vc_column_inner][vc_column_inner width=\u00a0\u00bb1\/3&Prime; css_animation=\u00a0\u00bbright-to-left\u00a0\u00bb css=\u00a0\u00bb.vc_custom_1557738228862{padding-top: 2px !important;padding-right: 2px !important;padding-bottom: 2px !important;padding-left: 2px !important;}\u00a0\u00bb][vc_column_text css=\u00a0\u00bb\u00a0\u00bb]<u><\/u><\/p>\n<p>[\/vc_column_text][\/vc_column_inner][vc_column_inner width=\u00a0\u00bb1\/3&Prime;][vc_column_text css=\u00a0\u00bb\u00a0\u00bb][\/vc_column_text][\/vc_column_inner][\/vc_row_inner][\/vc_column][\/vc_row]<\/p>\n<\/div>","protected":false},"excerpt":{"rendered":"<p>[vc_row][vc_column][vc_column_text css=\u00a0\u00bb\u00a0\u00bb] Graver sur Tetra Pak, c\u2019est simple. Il vous suffit de peu de chose pour cr\u00e9er de\u00a0 jolies gravures. Nous apporterons tout le n\u00e9cessaire&#8230;<\/p>\n<p class=\"readmore\"><a class=\"more-btn\" href=\"https:\/\/www.ecrin.be\/?p=6330\">Read More<\/a><\/p>\n","protected":false},"author":1,"featured_media":6325,"comment_status":"closed","ping_status":"open","sticky":false,"template":"","format":"standard","meta":{"sfsi_plus_gutenberg_text_before_share":"","sfsi_plus_gutenberg_show_text_before_share":"","sfsi_plus_gutenberg_icon_type":"","sfsi_plus_gutenberg_icon_alignemt":"","sfsi_plus_gutenburg_max_per_row":"","footnotes":""},"categories":[28],"tags":[],"publishpress_future_action":{"enabled":false,"date":"2026-05-06 09:29:48","action":"change-status","newStatus":"draft","terms":[],"taxonomy":"category"},"_links":{"self":[{"href":"https:\/\/www.ecrin.be\/index.php?rest_route=\/wp\/v2\/posts\/6330"}],"collection":[{"href":"https:\/\/www.ecrin.be\/index.php?rest_route=\/wp\/v2\/posts"}],"about":[{"href":"https:\/\/www.ecrin.be\/index.php?rest_route=\/wp\/v2\/types\/post"}],"author":[{"embeddable":true,"href":"https:\/\/www.ecrin.be\/index.php?rest_route=\/wp\/v2\/users\/1"}],"replies":[{"embeddable":true,"href":"https:\/\/www.ecrin.be\/index.php?rest_route=%2Fwp%2Fv2%2Fcomments&post=6330"}],"version-history":[{"count":5,"href":"https:\/\/www.ecrin.be\/index.php?rest_route=\/wp\/v2\/posts\/6330\/revisions"}],"predecessor-version":[{"id":6337,"href":"https:\/\/www.ecrin.be\/index.php?rest_route=\/wp\/v2\/posts\/6330\/revisions\/6337"}],"wp:featuredmedia":[{"embeddable":true,"href":"https:\/\/www.ecrin.be\/index.php?rest_route=\/wp\/v2\/media\/6325"}],"wp:attachment":[{"href":"https:\/\/www.ecrin.be\/index.php?rest_route=%2Fwp%2Fv2%2Fmedia&parent=6330"}],"wp:term":[{"taxonomy":"category","embeddable":true,"href":"https:\/\/www.ecrin.be\/index.php?rest_route=%2Fwp%2Fv2%2Fcategories&post=6330"},{"taxonomy":"post_tag","embeddable":true,"href":"https:\/\/www.ecrin.be\/index.php?rest_route=%2Fwp%2Fv2%2Ftags&post=6330"}],"curies":[{"name":"wp","href":"https:\/\/api.w.org\/{rel}","templated":true}]}}